{"id":846,"date":"2015-11-03T18:26:26","date_gmt":"2015-11-03T18:26:26","guid":{"rendered":"http:\/\/loricestetic.com.br\/?p=846"},"modified":"2015-11-03T18:26:26","modified_gmt":"2015-11-03T18:26:26","slug":"dra-lorice-tira-duvidas-de-leitoras-da-revista-gloss","status":"publish","type":"post","link":"https:\/\/loricestetic.com.br\/index.php\/2015\/11\/03\/dra-lorice-tira-duvidas-de-leitoras-da-revista-gloss\/","title":{"rendered":"Dra. Lorice tira d\u00favidas de leitoras da revista GLOSS"},"content":{"rendered":"<p style=\"text-align: justify;\">Dra. Lorice Issa Miguel &#8211; Consultora da Revista Gloss Eletr\u00f4nica, Tira Duvidas das Leitoras.<\/p>\n<p style=\"text-align: justify;\">Fonte: Revista GLOSS &#8211; 24\/10\/2008<br \/>\nPerguntas para a Dra. Lorice Issa Miguel<\/p>\n<p style=\"text-align: justify;\"><strong>1- Estrias causam flacidez?<\/strong><br \/>\nEstrias causam flacidez no bumbum?<\/p>\n<p style=\"text-align: justify;\">Resposta:<br \/>\nSim. Quando aparecem estrias na regi\u00e3o gl\u00fatea, significa que a pele nessa regi\u00e3o est\u00e1 em mudan\u00e7as, podendo aparecer um quadro de flacidez. As estrias podem aparecer quando acontece o efeito sanfona ou o crescimento r\u00e1pido durante a adolesc\u00eancia. Voc\u00ea dever\u00e1 cuidar dessa \u00e1rea com produtos firmadores e que inibam o aumento das estrias. Procure um especialista e marque uma consulta para esclarecer todas as suas d\u00favidas e para que ele receite o creme correto.<\/p>\n<p style=\"text-align: justify;\"><strong>2- Como eliminar manchas de gravidez<\/strong><br \/>\nDepois que tive minha filha fiquei com manchas no rosto. O que devo fazer para tirar?<\/p>\n<p style=\"text-align: justify;\">Resposta:<br \/>\nAgora a solu\u00e7\u00e3o \u00e9 procurar a ajuda de um especialista (dermatologista, fisioterapeuta dermato funcional ou especialista em medicina est\u00e9tica) e realizar algumas sess\u00f5es de peelings qu\u00edmicos (\u00e1cidos) ou f\u00edsicos (peeling de cristal ou ponteira diamantada). Isso ajudar\u00e1 a se livrar ou amenizar suas manchas.<\/p>\n<p style=\"text-align: justify;\">Mas procure o mais r\u00e1pido poss\u00edvel ,pois o inverno \u00e9 a melhor \u00e9poca para realizar as sess\u00f5es de peeling. Apos as sess\u00f5es de peeling \u00e9 proibido tomar sol e voc\u00ea dever\u00e1 usar um filtro solar com minimo de FPS30 durante o dia, como tambem produtos despigmentantes e clareadores durante a noite. Mas tudo isso, claro, sempre seguindo a orienta\u00e7\u00e3o de um profissional.<\/p>\n<p style=\"text-align: justify;\"><strong>3- Meu rosto descasca nas \u00e1reas pr\u00f3ximas aos cabelos<\/strong><br \/>\nTodo m\u00eas meu rosto descasca nas \u00e1reas pr\u00f3ximas aos cabelo (testa, em cima da sobrancelha, ao redor da orelha). O que pode ser isso? E o que resolve?<\/p>\n<p style=\"text-align: justify;\">Resposta:<br \/>\nSe o seu rosto est\u00e1 descamando pr\u00f3ximo ao cabelo, preste aten\u00e7\u00e3o nos produtos que est\u00e1 utilizando (tinturas, shampoos, etc.). Voc\u00ea tamb\u00e9m precisa avaliar o porqu\u00ea de sua pele estar t\u00e3o sens\u00edvel. Vai uma dica: procure por um tempo usar apenas produtos feitos para nen\u00e9ns e peles sens\u00edveis, testados dermatologicamente. Isso poder\u00e1 amenizar a descama\u00e7\u00e3o. Caso n\u00e3o melhore, procure um dermatologista. Boa sorte!<\/p>\n<p style=\"text-align: justify;\"><strong>4- Quero tirar um sinal do meu rosto<\/strong><br \/>\nTenho um sinal do rosto que n\u00e3o \u00e9 muito grande, mas me incomoda demais. J\u00e1 fui a uma dermatologista e ela me disse que n\u00e3o iria tirar com medo de me deixar com uma cicatriz. Ela falou para eu procurar um cirurgi\u00e3o pl\u00e1stico. Esse procedimento realmente deixa uma cicatriz evidente? Existe algum procedimento que amenize cicatrizes de catapora, por exemplo?<\/p>\n<p style=\"text-align: justify;\">Resposta:<br \/>\nO que a sua dermatologista falou procede: \u00e0s vezes, o ato cir\u00fargico para tirar seu sinal deixar\u00e1 uma marca inest\u00e9tica no rosto. O correto seria procurar um m\u00e9dico especialista em cirurgia est\u00e9tica e procurar algumas alternativas como laser ou peelings. Eles s\u00e3o menos invasivos do que os procedimentos cir\u00fargicos e voc\u00ea n\u00e3o corre o risco de ficar com uma cicatriz facial. N\u00f3s nos colocamos \u00e0 disposi\u00e7\u00e3o para te atender.<\/p>\n<p style=\"text-align: justify;\"><strong>5- Como clarear a virilha?<\/strong><br \/>\nOl\u00e1 Lorice. Minha d\u00favida \u00e9 quanto ao clareamento de virilha. O que posso fazer em casa pra melhorar a cor, clarear? Existe algum produto ou receita que podem ajudar?<\/p>\n<p style=\"text-align: justify;\">Resposta:<br \/>\nPara o clareamento de virilhas, voc\u00ea deve usar produtos clareados, filtro solar e fazer peelings caseiros. A receita \u00e9 misturar fub\u00e1, mel e flocos de aveia e aplicar no local duas vezes por semana.<\/p>\n<p style=\"text-align: justify;\">Essa dica seria uma tentativa. Caso isso n\u00e3o resolva 100% o seu problema, seria aconselh\u00e1vel consultar uma cl\u00ednica de est\u00e9tica para possivelmente se submeter a peelings qu\u00edmicos.<\/p>\n<p style=\"text-align: justify;\"><strong>6- Posso usar filtro solar e maquiagem juntos?<\/strong><br \/>\nPosso usar filtro solar e maquiagem juntos? Toda manh\u00e3, passo protetor fator 30 (receitado pela minha dermatologista). Ele \u00e9 em creme e acho que \u00e9 por isso que minha pele fica com aspecto de cansada. Como logo depois eu transpiro, fico com vontade de passar maquiagem, mas tenho medo que derreta.<\/p>\n<p style=\"text-align: justify;\">Resposta:<br \/>\nVoc\u00ea pode, sim, usar o protetor junto com a maquiagem. Mas hoje novas ind\u00fastrias de filtro solar j\u00e1 fabricam filtros com tonalizantes.<\/p>\n<p style=\"text-align: justify;\">Eles s\u00e3o feito geralmente em 3 tonalidades de pele e alguns ainda s\u00e3o oil free, ou seja, sem \u00f3leo. Por isso, a pele n\u00e3o fica oleosa e n\u00e3o h\u00e1 a sensa\u00e7\u00e3o de que a sua maquiagem vai derreter.<\/p>\n<p style=\"text-align: justify;\">Procure esses produtos em lojas de departamento e drogarias. O meu preferido \u00e9 o do laborat\u00f3rio Adcos FTS 21 ou 30. Fica a dica!<\/p>\n<p style=\"text-align: justify;\"><strong>7- Como clareio manchas pelo corpo?<\/strong><br \/>\nTenho melanina em excesso em meu sangue e manchas escuras na pele, principalmente nas pernas e no bumbum. Como fa\u00e7o para clarear? Existe algum tipo de clareador para estes casos?<\/p>\n<p style=\"text-align: justify;\">Resposta:<br \/>\nNesse caso, voc\u00ea deve consultar um dermatologista para saber qual a sua cor de pele, ou seja, o fototipo. A\u00ed, sim, ele pode indicar o melhor tratamento para as suas manchas.<\/p>\n<p style=\"text-align: justify;\">N\u00e3o deixe de passar por uma avalia\u00e7\u00e3o para ter sucesso no clareamento.<\/p>\n<p style=\"text-align: justify;\"><strong>8- Quem vem primeiro: repelente ou protetor solar?<\/strong><br \/>\nO que passar primeiro: repelente ou protetor solar?<\/p>\n<p style=\"text-align: justify;\">Resposta:<br \/>\nPrimeiramente, use o filtro solar. Espere cerca de 30 minutos para o protetor fixar na sua pele e passe o repelente e exponha-se ao sol.<\/p>\n<p style=\"text-align: justify;\"><strong>9- Preciso de creme anti-rugas?<\/strong><br \/>\nGostaria de saber se j\u00e1 devo come\u00e7ar a passar algum creme anti envelhecimento no rosto, mesmo tendo s\u00f3 22 anos. Se sim, quais voc\u00ea indica para a minha idade? Se n\u00e3o, o que posso fazer para j\u00e1 come\u00e7ar a evitar as rugas?<\/p>\n<p style=\"text-align: justify;\">Resposta:<br \/>\nVoc\u00ea deve, sim, usar um creme anti-idade. O quanto antes voc\u00ea come\u00e7ar a ter esse cuidado, melhores ser\u00e3o os benef\u00edcios no decorrer dos anos. Indico que procure um dermatologista, esteticista ou fisioterapeuta para lhe dar uma orienta\u00e7\u00e3o adequada. Assim, voc\u00ea n\u00e3o vai desperdi\u00e7ar seu dinheiro em produtos n\u00e3o adequados ao seu tipo de pele. Boa sorte!<\/p>\n<p style=\"text-align: justify;\"><strong>10- Protetor solar deixa minha pele oleosa<\/strong><br \/>\nO protetor solar deixa minha pele oleosa e eu acabo passando hidratante em seguida. Isso pode anular o efeito do protetor?<\/p>\n<p style=\"text-align: justify;\">Resposta:<br \/>\nSe o protetor solar deixa sua pele oleosa, voc\u00ea deve procurar um filtro oil free, em textura de gel e repetir a cada 2 horas a aplica\u00e7\u00e3o. N\u00e3o h\u00e1 problema voc\u00ea usar um hidratante sobre o filtro, mas acho desnecess\u00e1rio. Voc\u00ea precisa mesmo passar o hidratante facial e corporal ap\u00f3s o banho de sol, piscina ou mar. Ele deve ter uma textura fina e espec\u00edfico para o seu tipo de pele.<\/p>\n<p style=\"text-align: justify;\"><strong>11- Para tirar a maquiagem<\/strong><br \/>\nQuais os produtos que voc\u00ea recomenda para tirar maquiagem na \u00e1rea dos olhos? Sinto muito ard\u00eancia com alguns produtos&#8230;<\/p>\n<p style=\"text-align: justify;\">Resposta:<br \/>\nOs melhores produtos para retirar maquiagem na \u00e1rea dos olhos s\u00e3o as lo\u00e7\u00f5es demaquilantes ou lo\u00e7\u00f5es de leite de limpeza. Outros produtos podem causar ard\u00eancia. Escolha cosm\u00e9ticos testados dermatologicamente. Posso indicar: La Roche Posay, Neutrogena, La Vertuan, N\u00edvea e L&#8217;Occitane.<\/p>\n<p style=\"text-align: justify;\"><strong>12- \u00c9 verdade que os cremes para estria e celulite n\u00e3o adiantam nada?<\/strong><br \/>\n\u00c9 verdade que cremes para estrias e celulites n\u00e3o adiantam nada? E quanto aos \u00f3leos, eles parecem hidratar mais o corpo. O que \u00e9 melhor?<\/p>\n<p style=\"text-align: justify;\">Resposta:<br \/>\nOs cremes para estrias e celulites resolvem, sim, se associados a tratamentos eficazes. Eles funcionam como coadjuvantes. Em estrias e celulites instaladas h\u00e1 muito tempo no seu corpo, eles podem ter pouca efic\u00e1cia se usados isoladamente e sem nenhum acompanhamento m\u00e9dico. O ideal seria usar os cremes chamados de cosmec\u00eauticos (cosm\u00e9ticos associados a medicamentos). Os \u00f3leos, nesse caso, s\u00e3o menos eficazes pois n\u00e3o cont\u00e9m tantos princ\u00edpios ativos quanto os outros.<\/p>\n<p style=\"text-align: justify;\"><strong>13- Tenho as axilas escuras. Por qu\u00ea?<\/strong><br \/>\nTenho as axilas escuras. Isso tem rela\u00e7\u00e3o com o m\u00e9todo de depila\u00e7\u00e3o? Eu uso gilete. Se eu usasse cera, clarearia a \u00e1rea?<\/p>\n<p style=\"text-align: justify;\">Resposta:<br \/>\nO ideal nessa fase \u00e9 consultar um dermatologista e usar produtos clareadores. Voc\u00ea deve primeiro clarear e tratar as axilas escuras para depois trocar o m\u00e9todo de depila\u00e7\u00e3o, se necess\u00e1rio.<\/p>\n<p style=\"text-align: justify;\"><strong>14- Ser\u00e1 que j\u00e1 preciso passar creme no rosto?<\/strong><br \/>\nTenho 24 anos e acho que ainda n\u00e3o preciso de cuidados com a pele do rosto e n\u00e3o passo nenhum tipo de creme. Qual a idade certa para come\u00e7ar a cuidar do rosto e que tipos de produtos s\u00e3o bacanas nessa faixa de idade?<\/p>\n<p style=\"text-align: justify;\">Resposta:<br \/>\nO quanto antes voc\u00ea come\u00e7ar a prevenir o envelhecimento da sua pele, melhor. Por muitos e muitos anos voc\u00ea ter\u00e1 a pele mais jovem, com vi\u00e7o e sem sinais de envelhecimento precoce.<\/p>\n<p style=\"text-align: justify;\">O ideal seria come\u00e7ar desde j\u00e1 com o ato de limpar, hidratar e proteger contra os raios nocivos do sol diariamente.<\/p>\n<p style=\"text-align: justify;\">Procure um especialista e descubra com ele qual o seu tipo de pele. Escolha uma linha cosm\u00e9tica que voc\u00ea confie. Voc\u00ea deve usar diariamente: sabonete de limpeza e hidratante com filtro solar. Sugiro os produtos da Neutrogena, Jonhson &amp; Jonhson, Adcos, Medley, Natura, La Vertuan e L&#8217;Ocitane.<\/p>\n<p style=\"text-align: justify;\"><strong>15- Como acabar com as espinhas?<\/strong><br \/>\nTenho 25 anos e nunca consegui acabar com as espinhas. O que devo fazer ou usar? Tratamento com medicamento ou alguma receita caseira?<\/p>\n<p style=\"text-align: justify;\">Resposta:<br \/>\nAntes de tudo, procure a orienta\u00e7\u00e3o de um especialista. Ele vai definir qual o seu problema e o grau em que ele se encontra.<\/p>\n<p style=\"text-align: justify;\">Para os cuidados do dia-a-dia, \u00e9 bacana fazer limpeza de pele com produtos para limpeza profunda. Extra\u00e7\u00f5es tempor\u00e1rias e aplica\u00e7\u00f5es de produtos bactericidas espec\u00edficos a cada 30 a 60 dias ser\u00e3o importantes at\u00e9 voc\u00ea ter o controle das acnes e espinhas.<\/p>\n<p style=\"text-align: justify;\">N\u00e3o experimente receitas caseiras! Use produtos anti-s\u00e9pticos para pele oleosa, filtro solar oil free e produtos secativos.<\/p>\n<p style=\"text-align: justify;\"><strong>16- Um bom corretivo<\/strong><br \/>\nAo passar corretivo e p\u00f3 para esconder as olheiras e marquinhas do rosto, sinto que parece que estou com um &#8220;reboco&#8221; na cara! A maquiagem fica grossa, nada natural&#8230; O que pode estar acontecendo comigo? \u00c9 a marca da maquiagem ou algum problema de pele? Quais as op\u00e7\u00f5es de maquiagem que ficam mais naturais? Voc\u00ea recomenda alguma marca?<\/p>\n<p style=\"text-align: justify;\">Resposta:<br \/>\nAcho que sua pele est\u00e1 pedindo uma esfolia\u00e7\u00e3o suave. Se melhorar a textura da pele, deixando-a mais macia e fina, a maquiagem vai se harmonizar. Procure usar um sabonete peeling no rosto uma vez por semana e utilize marcas de renome, como N\u00edvea, Adcos, Neutrogena, Avon, Natura e Mene &amp; Moy System.<\/p>\n<p style=\"text-align: justify;\">O sabonete peeling da minha prefer\u00eancia \u00e9 o Cleanser Body &amp; face, com \u00e1cido glic\u00f3lico a 10%. \u00c9 um sabonete liquido que desengordura e faz uma limpeza profunda na pele.<\/p>\n<p style=\"text-align: justify;\">Ap\u00f3s a esfolia\u00e7\u00e3o, \u00e9 bacana passar uma camada fina do protetor solar Compact Foundation, da Shiseido. Para o corretivo, procure uma loja de departamento e uma consultora dar\u00e1 a dica da melhor tonalidade do mesmo para o seu tom de pele.<\/p>\n<p style=\"text-align: justify;\"><strong>17- Essas olheiras infelizes&#8230;<\/strong><br \/>\nExiste alguma cirurgia pl\u00e1stica ou m\u00e9todo a laser para acabar de vez com as olheiras?<\/p>\n<p style=\"text-align: justify;\">Resposta:<br \/>\nNas olheiras, v\u00e1rios procedimentos podem ser utilizados. Aplica\u00e7\u00e3o de laser quantum \u00e9 uma das alternativas mais conhecidas, mas nem todos os pacientes se beneficiam com essa t\u00e9cnica. Um outro m\u00e9todo bacana e moderno \u00e9 a carboxiterapia, que injeta di\u00f3xido de carbono (CO2) no tecido subcut\u00e2neio por meio de agulhas fin\u00edssimas. O procedimento melhora a oxigena\u00e7\u00e3o dos tecidos, a vasculariza\u00e7\u00e3o e promove um aumento do fluxo vascular, clareando a pele nessa \u00e1rea espec\u00edfica. Como tratamento coadjuvante, cosm\u00e9ticos devem ser indicados aos pacientes para uso di\u00e1rio. Os mais eficazes s\u00e3o os cremes clareadores que cont\u00e9m em sua f\u00f3rmula a vitamina K1. Em \u00faltimo caso, h\u00e1 a blefaroplastia, que \u00e9 um procedimento cir\u00fargico de retirada de tecido e gordura nas p\u00e1lpebras. Nem sempre \u00e9 eficaz e eu acredito que a paciente deve sempre optar pelos procedimentos menos invasivos antes de partir para um procedimento cir\u00fargico.<\/p>\n<p style=\"text-align: justify;\"><strong>18- Relaxamento versus Queda de cabelo<\/strong><br \/>\nTenho cabelos cacheados e fazia relaxamento. Como eles come\u00e7aram a cair, desde maio n\u00e3o relaxo. Minha dermatologista pediu que eu ficasse sem qu\u00edmica no cabelo at\u00e9 novembro, mas minha raiz est\u00e1 ficando muito alta. Estou andando s\u00f3 de rabo de cavalo. Existe algum procedimento para que a raiz fique mais baixa sem relaxamento?<\/p>\n<p style=\"text-align: justify;\">Resposta:<br \/>\nEm vez de prender o cabelo, voc\u00ea pode usar tiaras e faixas lindas para disfar\u00e7ar e reduzir o volume da sua raiz. Para reduzir o volume, procure usar cremes que amaciam os seus cachos. Passe-os com os cabelos ainda \u00famidos e n\u00e3o retire o produto totalmente da raiz. Recomendo os cremes da Loreal ou da Kerastase, que possuem cremes que reduzem o volume. Agora, o mais importante: respeite o tempo que a sua dermatologista recomendou. Seu cabelo agradece!<\/p>\n<p style=\"text-align: justify;\"><strong>19- Essas olheiras que n\u00e3o somem&#8230;<\/strong><br \/>\nExiste alguma cirurgia pl\u00e1stica ou m\u00e9todo a laser para acabar com as olheiras? Na minha sala de aula, todo mundo me chama de Urso Panda.<\/p>\n<p style=\"text-align: justify;\">Resposta:<br \/>\nNas olheiras, v\u00e1rios procedimentos podem ser utilizados. Aplica\u00e7\u00e3o de laser quantum \u00e9 uma das alternativas mais conhecidas, mas nem todos os pacientes se beneficiam com essa t\u00e9cnica. Um outro m\u00e9todo bacana e moderno \u00e9 a carboxiterapia, que injeta di\u00f3xido de carbono (CO2) no tecido subcut\u00e2neio por meio de agulhas fin\u00edssimas. O procedimento melhora a oxigena\u00e7\u00e3o dos tecidos, a vasculariza\u00e7\u00e3o e promove um aumento do fluxo vascular, clareando a pele nessa \u00e1rea espec\u00edfica. Como tratamento coadjuvante, cosm\u00e9ticos devem ser indicados aos pacientes para uso di\u00e1rio. Os mais eficazes s\u00e3o os cremes clareadores que cont\u00e9m em sua f\u00f3rmula a vitamina K1.<\/p>\n<p style=\"text-align: justify;\">Em \u00faltimo caso e para quem tem, al\u00e9m da forte pigmenta\u00e7\u00e3o da olheira, tecido fl\u00e1cido na regi\u00e3o, h\u00e1 a blefaroplastia, que \u00e9 um procedimento cir\u00fargico de retirada de tecido inferior e gordura nas p\u00e1lpebras. Nem sempre \u00e9 eficaz e voc\u00ea pode trocar a olheira, que pode ser escondida com maquiagem, por uma cicatriz. Opte sempre pos produtos bacanas procedimentos menos invasivos ao seu corpo antes de partir para um procedimento cir\u00fargico.<\/p>\n<h2 style=\"text-align: justify;\">Luciana Gimenez revela segredos de beleza<\/h2>\n<p style=\"text-align: justify;\">Luciana Gimenez, direto dos bastidores do Superpop, mostra seus segredos de beleza<\/p>\n<p style=\"text-align: justify;\">Esta semana, fui convidada para participar do programa Superpop, da Rede TV!. A entrevistada era a brasileira Nariman Osman Chiah, que fugiu do marido, no L\u00edbano, gr\u00e1vida e com o filho de seis anos. Nariman tem 21 anos, mas parece uma menina. Doce e meiga, deu um depoimento comovente. Um alerta para as mulheres: namore bastante, conhe\u00e7a bem a fam\u00edlia e o homem que voc\u00ea vai casar! Nem sempre o que se v\u00ea num primeiro momento, \u00e9 o real.<\/p>\n<p style=\"text-align: justify;\">Sempre que sou convidada para ir ao Superpop, tenho a oportunidade de conhecer pessoas com hist\u00f3rias emocionantes. Diferente dessa vez, foi a oportunidade que tive de entrevistar Luciana Gimenez.<\/p>\n<p style=\"text-align: justify;\">Simp\u00e1tica e atenciosa, a apresentadora abriu seu camarim, fez quest\u00e3o de entregar o jogo e contar \u00e0 voc\u00ea, leitora de OFuxico, como faz para se manter bela. Luciana n\u00e3o \u00e9 daquelas que escondem os segredos. Ao contr\u00e1rio, generosa, d\u00e1 todos os nomes e detalhes dos tratamentos que a mant\u00eam impec\u00e1vel.<\/p>\n<p style=\"text-align: justify;\">Luciana acaba de voltar da It\u00e1lia onde, passou um m\u00eas curtindo o ver\u00e3o na Sardenha. Nossa conversa come\u00e7a pelos cuidados com o sol. &#8220;Adoro ficar bronzeada, mas sei que \u00e9 importante ter cuidados. Uso bon\u00e9, \u00f3culos e filtro. Por mim, iria \u00e0 praia de roupa, para me proteger. Estou \u00e0 procura de uma luvinha de algod\u00e3o. Quero manter a pele das m\u00e3os livre de sardas&#8221;, diz Luciana.<\/p>\n<p style=\"text-align: justify;\">No camarim, vejo &#8220;quilos&#8221; de maquiagem, cuidadosamente separadas em necessaires. Entre tantos produtos, pergunto \u00e0 Luciana quais ela considera indispens\u00e1veis: &#8220;Gloss e blush&#8221;, dispara. &#8220;N\u00e3o d\u00e1 para ficar sem. Batom s\u00f3 uso para sair \u00e0 noite. A\u00ed, prefiro um vermelho&#8221;.<\/p>\n<p style=\"text-align: justify;\">Luciana tamb\u00e9m gosta das unhas vermelhas. Mas, nesse dia, estava usando de acr\u00edlico, pintadas &#8220;francesinha&#8221;. Lindas, por sinal!<\/p>\n<p style=\"text-align: justify;\">A apresentadora usa muitos cremes. Para a perna, bumbum, bra\u00e7o e cotovelo: &#8220;Desde crian\u00e7a, me preocupo com essas partes do corpo. Quando tinha oito anos, um fot\u00f3grafo falou para eu ter cuidado, e resolvi seguir esse conselho&#8221;.<\/p>\n<p style=\"text-align: justify;\">Luciana tem at\u00e9 uma receita caseira, para manter o cotovelo clarinho: &#8220;Experimente uma esfolia\u00e7\u00e3o, com a\u00e7\u00facar e lim\u00e3o. Mas, n\u00e3o v\u00e1 fazer isso no sol&#8221;, alerta.<\/p>\n<p style=\"text-align: justify;\">A bela m\u00e3e de Lucas Jagger, filho do roqueiro Mick Jagger, dos Rolling Stones, usa v\u00e1rios cremes importados para o corpo, comprados em viagens. Al\u00e9m deles, tamb\u00e9m gosta do N\u00edvea.<\/p>\n<p style=\"text-align: justify;\">Na pele do rosto, passa um produto manipulado pelos dermatologistas R\u00f4mulo Mene e Nuno Os\u00f3rio, com \u00e1cido retin\u00f3ico a 20%. Ali\u00e1s, vou fazer um par\u00eantese e citar uma marca que a apresentadora tamb\u00e9m gosta de usar. A Roc, marca francesa de dermocosm\u00e9ticos, que lan\u00e7ou, esta semana, um produto in\u00e9dito no Brasil, com retinol na f\u00f3rmula: o Rentin-Ox Illuminateur, que \u00e9 \u00e9 um creme de tratamento antiidade, que vem com filtro solar 15. H\u00e1 uma vers\u00e3o com base; voc\u00ea pode escolher entre duas tonalidades. Ou somente o creme, com efeito iluminador.<\/p>\n<p style=\"text-align: justify;\">No Superpop, Luciana Gimenez abusa de vestidos e roupas de festa, mas confessa que, no dia-a-dia, gosta mesmo de jeans e camiseta. A vaidade, muitas vezes, vem depois do futebol e das brincadeiras com o filho Lucas.<\/p>\n<p style=\"text-align: justify;\">Disciplinada, Luciana faz yoga, drenagem linf\u00e1tica e gin\u00e1stica, com acompanhamento do personal trainer. O corp\u00e3o de 38 anos, com 1,81m distribu\u00eddos em 61kg, n\u00e3o deixa d\u00favidas da dedica\u00e7\u00e3o da mo\u00e7a.<\/p>\n<p style=\"text-align: justify;\">Os cabelos s\u00e3o sua grande preocupa\u00e7\u00e3o. A estrela entende bastante do assunto. Durante o programa, fez rasgados elogios \u00e0 cabeleira de uma convidada. Deu dicas para uma das participantes, e uma verdadeira aula sobre colora\u00e7\u00f5es e tinturas. Reclamou que seus cabelos est\u00e3o danificados.<\/p>\n<p style=\"text-align: justify;\">Por\u00e9m, a terapeuta capilar de Luciana, Patr\u00edcia Maciel, diz que a estrela tem os fios lindos:<\/p>\n<p style=\"text-align: justify;\">&#8220;Comigo, ela faz apenas uma manuten\u00e7\u00e3o. Ela precisa apenas de mais alguns cuidados, porque trabalha na televis\u00e3o, sob luzes fortes. Al\u00e9m disso, usa tinta e faz escova todo dia&#8221;.<\/p>\n<p style=\"text-align: justify;\">Patr\u00edcia me deu tantas informa\u00e7\u00f5es, que j\u00e1 reservei o espa\u00e7o da pr\u00f3xima coluna apenas com dicas de cabelos para voc\u00ea, leitora. N\u00e3o deixe de ler! J\u00e1 adianto que s\u00e3o imperd\u00edveis.<\/p>\n<p style=\"text-align: justify;\">Luciana quase n\u00e3o usa maquiagem. Quando era modelo, fazia o make sozinha. Mas, hoje, confessa que n\u00e3o dispensa os servi\u00e7os de S\u00e9rgio Di Vicentin, que a acompanha h\u00e1 sete anos. Pedi ao S\u00e9rgio uma lista dos produtos, que ele usa diariamente em Luciana.<\/p>\n<p style=\"text-align: justify;\">Base: Foundation Touch Yves Saint-Laurent, n\u00b0 02<br \/>\nCorretivo: &#8220;N\u00e3o passo corretivo na Luciana. Ela n\u00e3o precisa&#8221;, entrega S\u00e9rgio.<br \/>\nP\u00f3: Studio Fix da MAC n\u00ba 5<br \/>\nBlush: Lorac &#8220;\u00c9 uma marca americana, que a gente compra quando vai aos EUA. Uso o tom rosado&#8221;.<br \/>\nM\u00e1scara de C\u00edlios: Dior Show<br \/>\nL\u00e1pis para os olhos: Cryolan. &#8220;Tamb\u00e9m uso o da Urban Decay, ele \u00e9 preto e vem com glitter&#8221;.<br \/>\n&#8220;Na boca, aplico o Fluido Nouvelle Jeunesse L\u00e8vres da Mary Cohr. Ele hidrata e tem um efeito que aumenta ligeiramente os l\u00e1bios&#8221;.<br \/>\nGloss: Jose Maran e Napoleon. &#8220;Estas marcas tamb\u00e9m s\u00e3o dos EUA. Escolho tons de boca ou avermelhado&#8221;.<br \/>\nAt\u00e9 nas madeixas a estrela usa gloss. Um produto especial para cabelos, Frederic Serray. &#8220;Passo, antes de fazer a escova, com os fios \u00famidos&#8221;.<\/p>\n<p style=\"text-align: justify;\">Para finalizar e selar a cut\u00edcula, S\u00e9rgio escolhe o reparador de pontas da Alfaparf. &#8220;Luciana n\u00e3o se prende a marcas. Ela gosta de variar e experimentar novidades&#8221;.<\/p>\n","protected":false},"excerpt":{"rendered":"<p>Dra. Lorice Issa Miguel &#8211; Consultora da Revista Gloss Eletr\u00f4nica, Tira&#8230;<\/p>\n","protected":false},"author":1,"featured_media":0,"comment_status":"closed","ping_status":"closed","sticky":false,"template":"","format":"standard","meta":{"footnotes":""},"categories":[23],"tags":[],"class_list":["post-846","post","type-post","status-publish","format-standard","hentry","category-imprensa"],"yoast_head":"<!-- This site is optimized with the Yoast SEO plugin v26.2 - https:\/\/yoast.com\/wordpress\/plugins\/seo\/ -->\n<title>Dra. Lorice tira d\u00favidas de leitoras da revista GLOSS - Lorice - Fisioterapia e Est\u00e9tica<\/title>\n<meta name=\"robots\" content=\"index, follow, max-snippet:-1, max-image-preview:large, max-video-preview:-1\" \/>\n<link rel=\"canonical\" href=\"https:\/\/loricestetic.com.br\/index.php\/2015\/11\/03\/dra-lorice-tira-duvidas-de-leitoras-da-revista-gloss\/\" \/>\n<meta property=\"og:locale\" content=\"pt_BR\" \/>\n<meta property=\"og:type\" content=\"article\" \/>\n<meta property=\"og:title\" content=\"Dra. Lorice tira d\u00favidas de leitoras da revista GLOSS - Lorice - Fisioterapia e Est\u00e9tica\" \/>\n<meta property=\"og:description\" content=\"Dra. Lorice Issa Miguel - Consultora da Revista Gloss Eletr\u00f4nica, Tira...\" \/>\n<meta property=\"og:url\" content=\"https:\/\/loricestetic.com.br\/index.php\/2015\/11\/03\/dra-lorice-tira-duvidas-de-leitoras-da-revista-gloss\/\" \/>\n<meta property=\"og:site_name\" content=\"Lorice - Fisioterapia e Est\u00e9tica\" \/>\n<meta property=\"article:published_time\" content=\"2015-11-03T18:26:26+00:00\" \/>\n<meta name=\"author\" content=\"administrador\" \/>\n<meta name=\"twitter:card\" content=\"summary_large_image\" \/>\n<meta name=\"twitter:label1\" content=\"Escrito por\" \/>\n\t<meta name=\"twitter:data1\" content=\"administrador\" \/>\n\t<meta name=\"twitter:label2\" content=\"Est. tempo de leitura\" \/>\n\t<meta name=\"twitter:data2\" content=\"16 minutos\" \/>\n<script type=\"application\/ld+json\" class=\"yoast-schema-graph\">{\"@context\":\"https:\/\/schema.org\",\"@graph\":[{\"@type\":\"Article\",\"@id\":\"https:\/\/loricestetic.com.br\/index.php\/2015\/11\/03\/dra-lorice-tira-duvidas-de-leitoras-da-revista-gloss\/#article\",\"isPartOf\":{\"@id\":\"https:\/\/loricestetic.com.br\/index.php\/2015\/11\/03\/dra-lorice-tira-duvidas-de-leitoras-da-revista-gloss\/\"},\"author\":{\"name\":\"administrador\",\"@id\":\"https:\/\/loricestetic.com.br\/#\/schema\/person\/503b182d6970ba986b36792b59c37ddb\"},\"headline\":\"Dra. Lorice tira d\u00favidas de leitoras da revista GLOSS\",\"datePublished\":\"2015-11-03T18:26:26+00:00\",\"mainEntityOfPage\":{\"@id\":\"https:\/\/loricestetic.com.br\/index.php\/2015\/11\/03\/dra-lorice-tira-duvidas-de-leitoras-da-revista-gloss\/\"},\"wordCount\":3308,\"publisher\":{\"@id\":\"https:\/\/loricestetic.com.br\/#organization\"},\"articleSection\":[\"IMPRENSA\"],\"inLanguage\":\"pt-BR\"},{\"@type\":\"WebPage\",\"@id\":\"https:\/\/loricestetic.com.br\/index.php\/2015\/11\/03\/dra-lorice-tira-duvidas-de-leitoras-da-revista-gloss\/\",\"url\":\"https:\/\/loricestetic.com.br\/index.php\/2015\/11\/03\/dra-lorice-tira-duvidas-de-leitoras-da-revista-gloss\/\",\"name\":\"Dra. Lorice tira d\u00favidas de leitoras da revista GLOSS - Lorice - Fisioterapia e Est\u00e9tica\",\"isPartOf\":{\"@id\":\"https:\/\/loricestetic.com.br\/#website\"},\"datePublished\":\"2015-11-03T18:26:26+00:00\",\"breadcrumb\":{\"@id\":\"https:\/\/loricestetic.com.br\/index.php\/2015\/11\/03\/dra-lorice-tira-duvidas-de-leitoras-da-revista-gloss\/#breadcrumb\"},\"inLanguage\":\"pt-BR\",\"potentialAction\":[{\"@type\":\"ReadAction\",\"target\":[\"https:\/\/loricestetic.com.br\/index.php\/2015\/11\/03\/dra-lorice-tira-duvidas-de-leitoras-da-revista-gloss\/\"]}]},{\"@type\":\"BreadcrumbList\",\"@id\":\"https:\/\/loricestetic.com.br\/index.php\/2015\/11\/03\/dra-lorice-tira-duvidas-de-leitoras-da-revista-gloss\/#breadcrumb\",\"itemListElement\":[{\"@type\":\"ListItem\",\"position\":1,\"name\":\"In\u00edcio\",\"item\":\"https:\/\/loricestetic.com.br\/\"},{\"@type\":\"ListItem\",\"position\":2,\"name\":\"Dra. Lorice tira d\u00favidas de leitoras da revista GLOSS\"}]},{\"@type\":\"WebSite\",\"@id\":\"https:\/\/loricestetic.com.br\/#website\",\"url\":\"https:\/\/loricestetic.com.br\/\",\"name\":\"Lorice - Fisioterapia e Est\u00e9tica\",\"description\":\"\",\"publisher\":{\"@id\":\"https:\/\/loricestetic.com.br\/#organization\"},\"potentialAction\":[{\"@type\":\"SearchAction\",\"target\":{\"@type\":\"EntryPoint\",\"urlTemplate\":\"https:\/\/loricestetic.com.br\/?s={search_term_string}\"},\"query-input\":{\"@type\":\"PropertyValueSpecification\",\"valueRequired\":true,\"valueName\":\"search_term_string\"}}],\"inLanguage\":\"pt-BR\"},{\"@type\":\"Organization\",\"@id\":\"https:\/\/loricestetic.com.br\/#organization\",\"name\":\"Lorice - Fisioterapia e Est\u00e9tica\",\"url\":\"https:\/\/loricestetic.com.br\/\",\"logo\":{\"@type\":\"ImageObject\",\"inLanguage\":\"pt-BR\",\"@id\":\"https:\/\/loricestetic.com.br\/#\/schema\/logo\/image\/\",\"url\":\"https:\/\/loricestetic.com.br\/wp-content\/uploads\/2015\/09\/cropped-logo.png\",\"contentUrl\":\"https:\/\/loricestetic.com.br\/wp-content\/uploads\/2015\/09\/cropped-logo.png\",\"width\":160,\"height\":83,\"caption\":\"Lorice - Fisioterapia e Est\u00e9tica\"},\"image\":{\"@id\":\"https:\/\/loricestetic.com.br\/#\/schema\/logo\/image\/\"}},{\"@type\":\"Person\",\"@id\":\"https:\/\/loricestetic.com.br\/#\/schema\/person\/503b182d6970ba986b36792b59c37ddb\",\"name\":\"administrador\",\"image\":{\"@type\":\"ImageObject\",\"inLanguage\":\"pt-BR\",\"@id\":\"https:\/\/loricestetic.com.br\/#\/schema\/person\/image\/\",\"url\":\"https:\/\/secure.gravatar.com\/avatar\/b4d94d6d7255d61c0560ba366e0cc0b6217ba0bd6aed93369d4b20c7ad4c0141?s=96&d=mm&r=g\",\"contentUrl\":\"https:\/\/secure.gravatar.com\/avatar\/b4d94d6d7255d61c0560ba366e0cc0b6217ba0bd6aed93369d4b20c7ad4c0141?s=96&d=mm&r=g\",\"caption\":\"administrador\"},\"url\":\"https:\/\/loricestetic.com.br\/index.php\/author\/admin\/\"}]}<\/script>\n<!-- \/ Yoast SEO plugin. -->","yoast_head_json":{"title":"Dra. Lorice tira d\u00favidas de leitoras da revista GLOSS - Lorice - Fisioterapia e Est\u00e9tica","robots":{"index":"index","follow":"follow","max-snippet":"max-snippet:-1","max-image-preview":"max-image-preview:large","max-video-preview":"max-video-preview:-1"},"canonical":"https:\/\/loricestetic.com.br\/index.php\/2015\/11\/03\/dra-lorice-tira-duvidas-de-leitoras-da-revista-gloss\/","og_locale":"pt_BR","og_type":"article","og_title":"Dra. Lorice tira d\u00favidas de leitoras da revista GLOSS - Lorice - Fisioterapia e Est\u00e9tica","og_description":"Dra. Lorice Issa Miguel - Consultora da Revista Gloss Eletr\u00f4nica, Tira...","og_url":"https:\/\/loricestetic.com.br\/index.php\/2015\/11\/03\/dra-lorice-tira-duvidas-de-leitoras-da-revista-gloss\/","og_site_name":"Lorice - Fisioterapia e Est\u00e9tica","article_published_time":"2015-11-03T18:26:26+00:00","author":"administrador","twitter_card":"summary_large_image","twitter_misc":{"Escrito por":"administrador","Est. tempo de leitura":"16 minutos"},"schema":{"@context":"https:\/\/schema.org","@graph":[{"@type":"Article","@id":"https:\/\/loricestetic.com.br\/index.php\/2015\/11\/03\/dra-lorice-tira-duvidas-de-leitoras-da-revista-gloss\/#article","isPartOf":{"@id":"https:\/\/loricestetic.com.br\/index.php\/2015\/11\/03\/dra-lorice-tira-duvidas-de-leitoras-da-revista-gloss\/"},"author":{"name":"administrador","@id":"https:\/\/loricestetic.com.br\/#\/schema\/person\/503b182d6970ba986b36792b59c37ddb"},"headline":"Dra. Lorice tira d\u00favidas de leitoras da revista GLOSS","datePublished":"2015-11-03T18:26:26+00:00","mainEntityOfPage":{"@id":"https:\/\/loricestetic.com.br\/index.php\/2015\/11\/03\/dra-lorice-tira-duvidas-de-leitoras-da-revista-gloss\/"},"wordCount":3308,"publisher":{"@id":"https:\/\/loricestetic.com.br\/#organization"},"articleSection":["IMPRENSA"],"inLanguage":"pt-BR"},{"@type":"WebPage","@id":"https:\/\/loricestetic.com.br\/index.php\/2015\/11\/03\/dra-lorice-tira-duvidas-de-leitoras-da-revista-gloss\/","url":"https:\/\/loricestetic.com.br\/index.php\/2015\/11\/03\/dra-lorice-tira-duvidas-de-leitoras-da-revista-gloss\/","name":"Dra. Lorice tira d\u00favidas de leitoras da revista GLOSS - Lorice - Fisioterapia e Est\u00e9tica","isPartOf":{"@id":"https:\/\/loricestetic.com.br\/#website"},"datePublished":"2015-11-03T18:26:26+00:00","breadcrumb":{"@id":"https:\/\/loricestetic.com.br\/index.php\/2015\/11\/03\/dra-lorice-tira-duvidas-de-leitoras-da-revista-gloss\/#breadcrumb"},"inLanguage":"pt-BR","potentialAction":[{"@type":"ReadAction","target":["https:\/\/loricestetic.com.br\/index.php\/2015\/11\/03\/dra-lorice-tira-duvidas-de-leitoras-da-revista-gloss\/"]}]},{"@type":"BreadcrumbList","@id":"https:\/\/loricestetic.com.br\/index.php\/2015\/11\/03\/dra-lorice-tira-duvidas-de-leitoras-da-revista-gloss\/#breadcrumb","itemListElement":[{"@type":"ListItem","position":1,"name":"In\u00edcio","item":"https:\/\/loricestetic.com.br\/"},{"@type":"ListItem","position":2,"name":"Dra. Lorice tira d\u00favidas de leitoras da revista GLOSS"}]},{"@type":"WebSite","@id":"https:\/\/loricestetic.com.br\/#website","url":"https:\/\/loricestetic.com.br\/","name":"Lorice - Fisioterapia e Est\u00e9tica","description":"","publisher":{"@id":"https:\/\/loricestetic.com.br\/#organization"},"potentialAction":[{"@type":"SearchAction","target":{"@type":"EntryPoint","urlTemplate":"https:\/\/loricestetic.com.br\/?s={search_term_string}"},"query-input":{"@type":"PropertyValueSpecification","valueRequired":true,"valueName":"search_term_string"}}],"inLanguage":"pt-BR"},{"@type":"Organization","@id":"https:\/\/loricestetic.com.br\/#organization","name":"Lorice - Fisioterapia e Est\u00e9tica","url":"https:\/\/loricestetic.com.br\/","logo":{"@type":"ImageObject","inLanguage":"pt-BR","@id":"https:\/\/loricestetic.com.br\/#\/schema\/logo\/image\/","url":"https:\/\/loricestetic.com.br\/wp-content\/uploads\/2015\/09\/cropped-logo.png","contentUrl":"https:\/\/loricestetic.com.br\/wp-content\/uploads\/2015\/09\/cropped-logo.png","width":160,"height":83,"caption":"Lorice - Fisioterapia e Est\u00e9tica"},"image":{"@id":"https:\/\/loricestetic.com.br\/#\/schema\/logo\/image\/"}},{"@type":"Person","@id":"https:\/\/loricestetic.com.br\/#\/schema\/person\/503b182d6970ba986b36792b59c37ddb","name":"administrador","image":{"@type":"ImageObject","inLanguage":"pt-BR","@id":"https:\/\/loricestetic.com.br\/#\/schema\/person\/image\/","url":"https:\/\/secure.gravatar.com\/avatar\/b4d94d6d7255d61c0560ba366e0cc0b6217ba0bd6aed93369d4b20c7ad4c0141?s=96&d=mm&r=g","contentUrl":"https:\/\/secure.gravatar.com\/avatar\/b4d94d6d7255d61c0560ba366e0cc0b6217ba0bd6aed93369d4b20c7ad4c0141?s=96&d=mm&r=g","caption":"administrador"},"url":"https:\/\/loricestetic.com.br\/index.php\/author\/admin\/"}]}},"_links":{"self":[{"href":"https:\/\/loricestetic.com.br\/index.php\/wp-json\/wp\/v2\/posts\/846","targetHints":{"allow":["GET"]}}],"collection":[{"href":"https:\/\/loricestetic.com.br\/index.php\/wp-json\/wp\/v2\/posts"}],"about":[{"href":"https:\/\/loricestetic.com.br\/index.php\/wp-json\/wp\/v2\/types\/post"}],"author":[{"embeddable":true,"href":"https:\/\/loricestetic.com.br\/index.php\/wp-json\/wp\/v2\/users\/1"}],"replies":[{"embeddable":true,"href":"https:\/\/loricestetic.com.br\/index.php\/wp-json\/wp\/v2\/comments?post=846"}],"version-history":[{"count":1,"href":"https:\/\/loricestetic.com.br\/index.php\/wp-json\/wp\/v2\/posts\/846\/revisions"}],"predecessor-version":[{"id":847,"href":"https:\/\/loricestetic.com.br\/index.php\/wp-json\/wp\/v2\/posts\/846\/revisions\/847"}],"wp:attachment":[{"href":"https:\/\/loricestetic.com.br\/index.php\/wp-json\/wp\/v2\/media?parent=846"}],"wp:term":[{"taxonomy":"category","embeddable":true,"href":"https:\/\/loricestetic.com.br\/index.php\/wp-json\/wp\/v2\/categories?post=846"},{"taxonomy":"post_tag","embeddable":true,"href":"https:\/\/loricestetic.com.br\/index.php\/wp-json\/wp\/v2\/tags?post=846"}],"curies":[{"name":"wp","href":"https:\/\/api.w.org\/{rel}","templated":true}]}}