{"id":635,"date":"2015-10-27T15:35:42","date_gmt":"2015-10-27T15:35:42","guid":{"rendered":"http:\/\/loricestetic.com.br\/?p=635"},"modified":"2019-12-17T13:53:19","modified_gmt":"2019-12-17T13:53:19","slug":"tf-11-spectra-radiofrequencia","status":"publish","type":"post","link":"https:\/\/loricestetic.com.br\/index.php\/2015\/10\/27\/tf-11-spectra-radiofrequencia\/","title":{"rendered":"Tratamentos Faciais &#8211; Spectra G3"},"content":{"rendered":"<p><img fetchpriority=\"high\" decoding=\"async\" src=\"https:\/\/loricestetic.com.br\/wp-content\/uploads\/2015\/10\/e9lvxepf.jpg\" alt=\"e9lvxepf\" width=\"700\" height=\"453\" class=\"alignnone size-full wp-image-2117\" srcset=\"https:\/\/loricestetic.com.br\/wp-content\/uploads\/2015\/10\/e9lvxepf.jpg 700w, https:\/\/loricestetic.com.br\/wp-content\/uploads\/2015\/10\/e9lvxepf-300x194.jpg 300w\" sizes=\"(max-width: 700px) 100vw, 700px\" \/><\/p>\n<p>Radiofrequ\u00eancia Spectra G3, o equipamento mais desejado do mercado, com resultados surpreendentes em flacidez, celulite, acne. A m\u00e1quina mais poderosa nos tratamentos est\u00e9ticos.<\/p>\n<p>Uma modalidade terap\u00eautica que utiliza radia\u00e7\u00f5es do espectro eletromagn\u00e9tico na ordem de Kilohertz (KHz) a Megahertz (MHz), ou seja, energias usadas em r\u00e1dio transmiss\u00f5es. Por ser uma energia transmitida em forma de ondas, com altern\u00e2ncias c\u00edclicas de polaridades e frequ\u00eancia elevada, n\u00e3o produz efeitos neuromusculares intensos e nem eletroqu\u00edmicos significativos. Entretanto provoca efeitos de aquecimento pela convers\u00e3o ou absor\u00e7\u00e3o dessa energia nos tecidos. Este processo \u00e9 chamado de diatermia e \u00e9 utilizado h\u00e1 anos como termoterapia profunda (AGNE, 2004).<\/p>\n<p>A onda eletromagn\u00e9tica de radiofrequ\u00eancia atravessa os tecidos entre os eletrodos e causa aumento de temperatura de acordo com a Lei Joule: quanto maior a corrente el\u00e9trica atrav\u00e9s de uma carga resistiva (tecido), maior a produ\u00e7\u00e3o t\u00e9rmica (SORIANO, P\u00c9REZ e BAQU\u00c9S, 2000).<\/p>\n<p>Spectra Biodynamic:<\/p>\n<p>O SPECTRA Biodynamic \u00e9 um equipamento de Radiofrequ\u00eancia Biodin\u00e2mica e de Fotobiomodula\u00e7\u00e3o formado por um sistema de quatro conjuntos b\u00e1sicos: o m\u00f3dulo de gera\u00e7\u00e3o e controle de energia, o m\u00f3dulo de transmiss\u00e3o e aplica\u00e7\u00e3o (manopla), o m\u00f3dulo auxiliar chamado placa de retorno e o m\u00f3dulo para auxiliar no controle de acionamento das aplica\u00e7\u00f5es (Pedal).<br \/>\nA Fotobioestimula\u00e7\u00e3o com LED\u00b4s \u00e9 produzida pela a\u00e7\u00e3o direta de uma luz emitida por diodos.<\/p>\n<p>Os LED\u2019s, semicondutores emissores de luz, s\u00e3o dispositivos eletr\u00f4nicos de alta efici\u00eancia e prolongada vida \u00fatil, que possuem propriedades de indu\u00e7\u00e3o fotobiol\u00f3gica sobre as c\u00e9lulas da pele.<br \/>\nAs diferentes cores: azul \u2013 vermelha \u2013 \u00e2mbar \u2013 infravermelho s\u00e3o resultado de radia\u00e7\u00f5es luminosas com comprimentos de onda diferentes e propriedade especifica.<\/p>\n<p>A radiofrequ\u00eancia Biodin\u00e2mica integra a tecnologia biodin\u00e2mica representada pelo Sistema ATP, ou seja, Automated Thermal Permanence ou, Perman\u00eancia T\u00e9rmica Automatizada, a automatiza\u00e7\u00e3o do controle da temperatura da pele e do tempo de perman\u00eancia t\u00e9rmica liberando o operador para voltar seu foco integralmente ao cliente. O Spectra Biodynamic com o sistema ATP, exclusivo da Tonederm, automatiza esse processo oferecendo conforto e simplicidade para o profissional e a garantia da aplica\u00e7\u00e3o precisa do protocolo definido.<\/p>\n<p>O Spectra Biodynamic possui um radi\u00f4metro &#8211; sensor de temperatura por infravermelho incorporado a cada manopla para medir, continuamente, a temperatura da superf\u00edcie da pele. Essa medi\u00e7\u00e3o permite ao equipamento ajustar a pot\u00eancia de radiofrequ\u00eancia automaticamente, na propor\u00e7\u00e3o necess\u00e1ria para manter a temperatura m\u00e9dia da \u00e1rea tratada no valor desejado.<\/p>\n<p>O desconforto e as imprecis\u00f5es associadas ao uso do term\u00f4metro convencional ficaram para tr\u00e1s com o Spectra Biodynamic. <\/p>\n","protected":false},"excerpt":{"rendered":"<p>Imagne sua pele como uma trama, uma rede tridimensional de&#8230;<\/p>\n","protected":false},"author":1,"featured_media":0,"comment_status":"closed","ping_status":"closed","sticky":false,"template":"","format":"standard","meta":{"footnotes":""},"categories":[18],"tags":[],"class_list":["post-635","post","type-post","status-publish","format-standard","hentry","category-tratamentos-tratamentos-faciais"],"yoast_head":"<!-- This site is optimized with the Yoast SEO plugin v26.2 - https:\/\/yoast.com\/wordpress\/plugins\/seo\/ -->\n<title>Tratamentos Faciais - Spectra G3 - Lorice - Fisioterapia e Est\u00e9tica<\/title>\n<meta name=\"robots\" content=\"index, follow, max-snippet:-1, max-image-preview:large, max-video-preview:-1\" \/>\n<link rel=\"canonical\" href=\"https:\/\/loricestetic.com.br\/index.php\/2015\/10\/27\/tf-11-spectra-radiofrequencia\/\" \/>\n<meta property=\"og:locale\" content=\"pt_BR\" \/>\n<meta property=\"og:type\" content=\"article\" \/>\n<meta property=\"og:title\" content=\"Tratamentos Faciais - Spectra G3 - Lorice - Fisioterapia e Est\u00e9tica\" \/>\n<meta property=\"og:description\" content=\"Imagne sua pele como uma trama, uma rede tridimensional de...\" \/>\n<meta property=\"og:url\" content=\"https:\/\/loricestetic.com.br\/index.php\/2015\/10\/27\/tf-11-spectra-radiofrequencia\/\" \/>\n<meta property=\"og:site_name\" content=\"Lorice - Fisioterapia e Est\u00e9tica\" \/>\n<meta property=\"article:published_time\" content=\"2015-10-27T15:35:42+00:00\" \/>\n<meta property=\"article:modified_time\" content=\"2019-12-17T13:53:19+00:00\" \/>\n<meta property=\"og:image\" content=\"http:\/\/loricestetic.com.br\/wp-content\/uploads\/2015\/10\/e9lvxepf.jpg\" \/>\n<meta name=\"author\" content=\"administrador\" \/>\n<meta name=\"twitter:card\" content=\"summary_large_image\" \/>\n<meta name=\"twitter:label1\" content=\"Escrito por\" \/>\n\t<meta name=\"twitter:data1\" content=\"administrador\" \/>\n\t<meta name=\"twitter:label2\" content=\"Est. tempo de leitura\" \/>\n\t<meta name=\"twitter:data2\" content=\"2 minutos\" \/>\n<script type=\"application\/ld+json\" class=\"yoast-schema-graph\">{\"@context\":\"https:\/\/schema.org\",\"@graph\":[{\"@type\":\"Article\",\"@id\":\"https:\/\/loricestetic.com.br\/index.php\/2015\/10\/27\/tf-11-spectra-radiofrequencia\/#article\",\"isPartOf\":{\"@id\":\"https:\/\/loricestetic.com.br\/index.php\/2015\/10\/27\/tf-11-spectra-radiofrequencia\/\"},\"author\":{\"name\":\"administrador\",\"@id\":\"https:\/\/loricestetic.com.br\/#\/schema\/person\/503b182d6970ba986b36792b59c37ddb\"},\"headline\":\"Tratamentos Faciais &#8211; Spectra G3\",\"datePublished\":\"2015-10-27T15:35:42+00:00\",\"dateModified\":\"2019-12-17T13:53:19+00:00\",\"mainEntityOfPage\":{\"@id\":\"https:\/\/loricestetic.com.br\/index.php\/2015\/10\/27\/tf-11-spectra-radiofrequencia\/\"},\"wordCount\":469,\"publisher\":{\"@id\":\"https:\/\/loricestetic.com.br\/#organization\"},\"image\":{\"@id\":\"https:\/\/loricestetic.com.br\/index.php\/2015\/10\/27\/tf-11-spectra-radiofrequencia\/#primaryimage\"},\"thumbnailUrl\":\"http:\/\/loricestetic.com.br\/wp-content\/uploads\/2015\/10\/e9lvxepf.jpg\",\"articleSection\":[\"Tratamentos - Tratamentos Faciais\"],\"inLanguage\":\"pt-BR\"},{\"@type\":\"WebPage\",\"@id\":\"https:\/\/loricestetic.com.br\/index.php\/2015\/10\/27\/tf-11-spectra-radiofrequencia\/\",\"url\":\"https:\/\/loricestetic.com.br\/index.php\/2015\/10\/27\/tf-11-spectra-radiofrequencia\/\",\"name\":\"Tratamentos Faciais - Spectra G3 - Lorice - Fisioterapia e Est\u00e9tica\",\"isPartOf\":{\"@id\":\"https:\/\/loricestetic.com.br\/#website\"},\"primaryImageOfPage\":{\"@id\":\"https:\/\/loricestetic.com.br\/index.php\/2015\/10\/27\/tf-11-spectra-radiofrequencia\/#primaryimage\"},\"image\":{\"@id\":\"https:\/\/loricestetic.com.br\/index.php\/2015\/10\/27\/tf-11-spectra-radiofrequencia\/#primaryimage\"},\"thumbnailUrl\":\"http:\/\/loricestetic.com.br\/wp-content\/uploads\/2015\/10\/e9lvxepf.jpg\",\"datePublished\":\"2015-10-27T15:35:42+00:00\",\"dateModified\":\"2019-12-17T13:53:19+00:00\",\"breadcrumb\":{\"@id\":\"https:\/\/loricestetic.com.br\/index.php\/2015\/10\/27\/tf-11-spectra-radiofrequencia\/#breadcrumb\"},\"inLanguage\":\"pt-BR\",\"potentialAction\":[{\"@type\":\"ReadAction\",\"target\":[\"https:\/\/loricestetic.com.br\/index.php\/2015\/10\/27\/tf-11-spectra-radiofrequencia\/\"]}]},{\"@type\":\"ImageObject\",\"inLanguage\":\"pt-BR\",\"@id\":\"https:\/\/loricestetic.com.br\/index.php\/2015\/10\/27\/tf-11-spectra-radiofrequencia\/#primaryimage\",\"url\":\"http:\/\/loricestetic.com.br\/wp-content\/uploads\/2015\/10\/e9lvxepf.jpg\",\"contentUrl\":\"http:\/\/loricestetic.com.br\/wp-content\/uploads\/2015\/10\/e9lvxepf.jpg\"},{\"@type\":\"BreadcrumbList\",\"@id\":\"https:\/\/loricestetic.com.br\/index.php\/2015\/10\/27\/tf-11-spectra-radiofrequencia\/#breadcrumb\",\"itemListElement\":[{\"@type\":\"ListItem\",\"position\":1,\"name\":\"In\u00edcio\",\"item\":\"https:\/\/loricestetic.com.br\/\"},{\"@type\":\"ListItem\",\"position\":2,\"name\":\"Tratamentos Faciais &#8211; Spectra G3\"}]},{\"@type\":\"WebSite\",\"@id\":\"https:\/\/loricestetic.com.br\/#website\",\"url\":\"https:\/\/loricestetic.com.br\/\",\"name\":\"Lorice - Fisioterapia e Est\u00e9tica\",\"description\":\"\",\"publisher\":{\"@id\":\"https:\/\/loricestetic.com.br\/#organization\"},\"potentialAction\":[{\"@type\":\"SearchAction\",\"target\":{\"@type\":\"EntryPoint\",\"urlTemplate\":\"https:\/\/loricestetic.com.br\/?s={search_term_string}\"},\"query-input\":{\"@type\":\"PropertyValueSpecification\",\"valueRequired\":true,\"valueName\":\"search_term_string\"}}],\"inLanguage\":\"pt-BR\"},{\"@type\":\"Organization\",\"@id\":\"https:\/\/loricestetic.com.br\/#organization\",\"name\":\"Lorice - Fisioterapia e Est\u00e9tica\",\"url\":\"https:\/\/loricestetic.com.br\/\",\"logo\":{\"@type\":\"ImageObject\",\"inLanguage\":\"pt-BR\",\"@id\":\"https:\/\/loricestetic.com.br\/#\/schema\/logo\/image\/\",\"url\":\"https:\/\/loricestetic.com.br\/wp-content\/uploads\/2015\/09\/cropped-logo.png\",\"contentUrl\":\"https:\/\/loricestetic.com.br\/wp-content\/uploads\/2015\/09\/cropped-logo.png\",\"width\":160,\"height\":83,\"caption\":\"Lorice - Fisioterapia e Est\u00e9tica\"},\"image\":{\"@id\":\"https:\/\/loricestetic.com.br\/#\/schema\/logo\/image\/\"}},{\"@type\":\"Person\",\"@id\":\"https:\/\/loricestetic.com.br\/#\/schema\/person\/503b182d6970ba986b36792b59c37ddb\",\"name\":\"administrador\",\"image\":{\"@type\":\"ImageObject\",\"inLanguage\":\"pt-BR\",\"@id\":\"https:\/\/loricestetic.com.br\/#\/schema\/person\/image\/\",\"url\":\"https:\/\/secure.gravatar.com\/avatar\/b4d94d6d7255d61c0560ba366e0cc0b6217ba0bd6aed93369d4b20c7ad4c0141?s=96&d=mm&r=g\",\"contentUrl\":\"https:\/\/secure.gravatar.com\/avatar\/b4d94d6d7255d61c0560ba366e0cc0b6217ba0bd6aed93369d4b20c7ad4c0141?s=96&d=mm&r=g\",\"caption\":\"administrador\"},\"url\":\"https:\/\/loricestetic.com.br\/index.php\/author\/admin\/\"}]}<\/script>\n<!-- \/ Yoast SEO plugin. -->","yoast_head_json":{"title":"Tratamentos Faciais - Spectra G3 - Lorice - Fisioterapia e Est\u00e9tica","robots":{"index":"index","follow":"follow","max-snippet":"max-snippet:-1","max-image-preview":"max-image-preview:large","max-video-preview":"max-video-preview:-1"},"canonical":"https:\/\/loricestetic.com.br\/index.php\/2015\/10\/27\/tf-11-spectra-radiofrequencia\/","og_locale":"pt_BR","og_type":"article","og_title":"Tratamentos Faciais - Spectra G3 - Lorice - Fisioterapia e Est\u00e9tica","og_description":"Imagne sua pele como uma trama, uma rede tridimensional de...","og_url":"https:\/\/loricestetic.com.br\/index.php\/2015\/10\/27\/tf-11-spectra-radiofrequencia\/","og_site_name":"Lorice - Fisioterapia e Est\u00e9tica","article_published_time":"2015-10-27T15:35:42+00:00","article_modified_time":"2019-12-17T13:53:19+00:00","og_image":[{"url":"http:\/\/loricestetic.com.br\/wp-content\/uploads\/2015\/10\/e9lvxepf.jpg","type":"","width":"","height":""}],"author":"administrador","twitter_card":"summary_large_image","twitter_misc":{"Escrito por":"administrador","Est. tempo de leitura":"2 minutos"},"schema":{"@context":"https:\/\/schema.org","@graph":[{"@type":"Article","@id":"https:\/\/loricestetic.com.br\/index.php\/2015\/10\/27\/tf-11-spectra-radiofrequencia\/#article","isPartOf":{"@id":"https:\/\/loricestetic.com.br\/index.php\/2015\/10\/27\/tf-11-spectra-radiofrequencia\/"},"author":{"name":"administrador","@id":"https:\/\/loricestetic.com.br\/#\/schema\/person\/503b182d6970ba986b36792b59c37ddb"},"headline":"Tratamentos Faciais &#8211; Spectra G3","datePublished":"2015-10-27T15:35:42+00:00","dateModified":"2019-12-17T13:53:19+00:00","mainEntityOfPage":{"@id":"https:\/\/loricestetic.com.br\/index.php\/2015\/10\/27\/tf-11-spectra-radiofrequencia\/"},"wordCount":469,"publisher":{"@id":"https:\/\/loricestetic.com.br\/#organization"},"image":{"@id":"https:\/\/loricestetic.com.br\/index.php\/2015\/10\/27\/tf-11-spectra-radiofrequencia\/#primaryimage"},"thumbnailUrl":"http:\/\/loricestetic.com.br\/wp-content\/uploads\/2015\/10\/e9lvxepf.jpg","articleSection":["Tratamentos - Tratamentos Faciais"],"inLanguage":"pt-BR"},{"@type":"WebPage","@id":"https:\/\/loricestetic.com.br\/index.php\/2015\/10\/27\/tf-11-spectra-radiofrequencia\/","url":"https:\/\/loricestetic.com.br\/index.php\/2015\/10\/27\/tf-11-spectra-radiofrequencia\/","name":"Tratamentos Faciais - Spectra G3 - Lorice - Fisioterapia e Est\u00e9tica","isPartOf":{"@id":"https:\/\/loricestetic.com.br\/#website"},"primaryImageOfPage":{"@id":"https:\/\/loricestetic.com.br\/index.php\/2015\/10\/27\/tf-11-spectra-radiofrequencia\/#primaryimage"},"image":{"@id":"https:\/\/loricestetic.com.br\/index.php\/2015\/10\/27\/tf-11-spectra-radiofrequencia\/#primaryimage"},"thumbnailUrl":"http:\/\/loricestetic.com.br\/wp-content\/uploads\/2015\/10\/e9lvxepf.jpg","datePublished":"2015-10-27T15:35:42+00:00","dateModified":"2019-12-17T13:53:19+00:00","breadcrumb":{"@id":"https:\/\/loricestetic.com.br\/index.php\/2015\/10\/27\/tf-11-spectra-radiofrequencia\/#breadcrumb"},"inLanguage":"pt-BR","potentialAction":[{"@type":"ReadAction","target":["https:\/\/loricestetic.com.br\/index.php\/2015\/10\/27\/tf-11-spectra-radiofrequencia\/"]}]},{"@type":"ImageObject","inLanguage":"pt-BR","@id":"https:\/\/loricestetic.com.br\/index.php\/2015\/10\/27\/tf-11-spectra-radiofrequencia\/#primaryimage","url":"http:\/\/loricestetic.com.br\/wp-content\/uploads\/2015\/10\/e9lvxepf.jpg","contentUrl":"http:\/\/loricestetic.com.br\/wp-content\/uploads\/2015\/10\/e9lvxepf.jpg"},{"@type":"BreadcrumbList","@id":"https:\/\/loricestetic.com.br\/index.php\/2015\/10\/27\/tf-11-spectra-radiofrequencia\/#breadcrumb","itemListElement":[{"@type":"ListItem","position":1,"name":"In\u00edcio","item":"https:\/\/loricestetic.com.br\/"},{"@type":"ListItem","position":2,"name":"Tratamentos Faciais &#8211; Spectra G3"}]},{"@type":"WebSite","@id":"https:\/\/loricestetic.com.br\/#website","url":"https:\/\/loricestetic.com.br\/","name":"Lorice - Fisioterapia e Est\u00e9tica","description":"","publisher":{"@id":"https:\/\/loricestetic.com.br\/#organization"},"potentialAction":[{"@type":"SearchAction","target":{"@type":"EntryPoint","urlTemplate":"https:\/\/loricestetic.com.br\/?s={search_term_string}"},"query-input":{"@type":"PropertyValueSpecification","valueRequired":true,"valueName":"search_term_string"}}],"inLanguage":"pt-BR"},{"@type":"Organization","@id":"https:\/\/loricestetic.com.br\/#organization","name":"Lorice - Fisioterapia e Est\u00e9tica","url":"https:\/\/loricestetic.com.br\/","logo":{"@type":"ImageObject","inLanguage":"pt-BR","@id":"https:\/\/loricestetic.com.br\/#\/schema\/logo\/image\/","url":"https:\/\/loricestetic.com.br\/wp-content\/uploads\/2015\/09\/cropped-logo.png","contentUrl":"https:\/\/loricestetic.com.br\/wp-content\/uploads\/2015\/09\/cropped-logo.png","width":160,"height":83,"caption":"Lorice - Fisioterapia e Est\u00e9tica"},"image":{"@id":"https:\/\/loricestetic.com.br\/#\/schema\/logo\/image\/"}},{"@type":"Person","@id":"https:\/\/loricestetic.com.br\/#\/schema\/person\/503b182d6970ba986b36792b59c37ddb","name":"administrador","image":{"@type":"ImageObject","inLanguage":"pt-BR","@id":"https:\/\/loricestetic.com.br\/#\/schema\/person\/image\/","url":"https:\/\/secure.gravatar.com\/avatar\/b4d94d6d7255d61c0560ba366e0cc0b6217ba0bd6aed93369d4b20c7ad4c0141?s=96&d=mm&r=g","contentUrl":"https:\/\/secure.gravatar.com\/avatar\/b4d94d6d7255d61c0560ba366e0cc0b6217ba0bd6aed93369d4b20c7ad4c0141?s=96&d=mm&r=g","caption":"administrador"},"url":"https:\/\/loricestetic.com.br\/index.php\/author\/admin\/"}]}},"_links":{"self":[{"href":"https:\/\/loricestetic.com.br\/index.php\/wp-json\/wp\/v2\/posts\/635","targetHints":{"allow":["GET"]}}],"collection":[{"href":"https:\/\/loricestetic.com.br\/index.php\/wp-json\/wp\/v2\/posts"}],"about":[{"href":"https:\/\/loricestetic.com.br\/index.php\/wp-json\/wp\/v2\/types\/post"}],"author":[{"embeddable":true,"href":"https:\/\/loricestetic.com.br\/index.php\/wp-json\/wp\/v2\/users\/1"}],"replies":[{"embeddable":true,"href":"https:\/\/loricestetic.com.br\/index.php\/wp-json\/wp\/v2\/comments?post=635"}],"version-history":[{"count":6,"href":"https:\/\/loricestetic.com.br\/index.php\/wp-json\/wp\/v2\/posts\/635\/revisions"}],"predecessor-version":[{"id":2829,"href":"https:\/\/loricestetic.com.br\/index.php\/wp-json\/wp\/v2\/posts\/635\/revisions\/2829"}],"wp:attachment":[{"href":"https:\/\/loricestetic.com.br\/index.php\/wp-json\/wp\/v2\/media?parent=635"}],"wp:term":[{"taxonomy":"category","embeddable":true,"href":"https:\/\/loricestetic.com.br\/index.php\/wp-json\/wp\/v2\/categories?post=635"},{"taxonomy":"post_tag","embeddable":true,"href":"https:\/\/loricestetic.com.br\/index.php\/wp-json\/wp\/v2\/tags?post=635"}],"curies":[{"name":"wp","href":"https:\/\/api.w.org\/{rel}","templated":true}]}}