{"id":454,"date":"2016-09-16T09:55:19","date_gmt":"2016-09-16T09:55:19","guid":{"rendered":"http:\/\/loricestetic.com.br\/?p=454"},"modified":"2016-09-19T14:50:11","modified_gmt":"2016-09-19T14:50:11","slug":"pc-7-mascara-de-idebenona","status":"publish","type":"post","link":"https:\/\/loricestetic.com.br\/index.php\/2016\/09\/16\/pc-7-mascara-de-idebenona\/","title":{"rendered":"M\u00e1scara de Idebenona"},"content":{"rendered":"<p><img fetchpriority=\"high\" decoding=\"async\" class=\"size-full wp-image-455 aligncenter\" src=\"https:\/\/loricestetic.com.br\/wp-content\/uploads\/2015\/10\/full-stop-mascara.jpg\" alt=\"full-stop-mascara\" width=\"300\" height=\"220\" \/><\/p>\n<p>Full Stop &#8211; IDEBENONA &amp; COBRE<\/p>\n<p><strong>M\u00c1SCARA ANTIOXIDANTE DE COBRE E IDEBENONA, A PREVEN\u00c7\u00c3O DO ENVELHECIMENTO CUT\u00c2NEO<\/strong><\/p>\n<p>As m\u00e1scaras s\u00e3o elaboradas principalmente com a finalidade de manter o produto aplicado por um tempo maior , numa \u00e1rea de maior abrang\u00eancia , potencializando v\u00e1rias a\u00e7\u00f5es no metabolismo da pele.<\/p>\n<p>O Cobre \u00e9 o oglioelemento de maior poder antioxidante. T\u00eam uma a\u00e7\u00e3o fundamental nas rea\u00e7\u00f5es enzim\u00e1ticas de entrecruzamento do col\u00e1geno e da elastina, prote\u00edna respons\u00e1vel pela firmeza e elasticidade da pele.<\/p>\n<p>A Idebenona \u00e9 antioxidante com a\u00e7\u00e3o despigmetante, capaz de inibir as esp\u00e9cies reativas de oxig\u00eanio e de outros radicais livres, podendo atingir as camadas mais profundas da pele de forma a proteg\u00ea-la contra o estresse oxidativo. Possui a vantagem de n\u00e3o ser irritante. Diminui a quebra das fibras de col\u00e1geno atenuando a profundidade e a apar\u00eancia de rugas e linhas de express\u00e3o. A idebenona lipossomada, lan\u00e7ada tamb\u00e9m recentemente, \u00e9 outro despigmetante com propriedades bem menos irritantes.<\/p>\n<p>Aplica\u00e7\u00e3o: M\u00c1SCARA ANTIOXIDANTE DE COBRE E IDEBENONA Ativos: Idebenona Cobre, Ureia, Cal\u00eandula. Hidrolizado de Col\u00e1geno, Jojoba e Aloe vera. Hidrata, descongestiona e clareia. 120gr Modo de uso: pincelar a m\u00e1scara e deixar agindo de 10 a 50 minutos. Retirar com \u00e1gua.<\/p>\n<p><strong>USO EM CONSULTORIO &#8211; 1 X POR SEMANA OU QUINZENALMENTE ENCOMENDAS: TELS &#8211; 11 -30790925 OU 31682592 &#8211; RUA JERONIMO DA VEIGA &#8211; N 428 &#8211; CJ 31 &#8211; ITAIM.<\/strong><\/p>\n","protected":false},"excerpt":{"rendered":"<p>Full Stop &#8211; IDEBENONA &#038; COBRE&#8230;<\/p>\n","protected":false},"author":1,"featured_media":0,"comment_status":"closed","ping_status":"closed","sticky":false,"template":"","format":"standard","meta":{"footnotes":""},"categories":[32],"tags":[],"class_list":["post-454","post","type-post","status-publish","format-standard","hentry","category-produtos"],"yoast_head":"<!-- This site is optimized with the Yoast SEO plugin v26.2 - https:\/\/yoast.com\/wordpress\/plugins\/seo\/ -->\n<title>M\u00e1scara de Idebenona - Lorice - Fisioterapia e Est\u00e9tica<\/title>\n<meta name=\"robots\" content=\"index, follow, max-snippet:-1, max-image-preview:large, max-video-preview:-1\" \/>\n<link rel=\"canonical\" href=\"https:\/\/loricestetic.com.br\/index.php\/2016\/09\/16\/pc-7-mascara-de-idebenona\/\" \/>\n<meta property=\"og:locale\" content=\"pt_BR\" \/>\n<meta property=\"og:type\" content=\"article\" \/>\n<meta property=\"og:title\" content=\"M\u00e1scara de Idebenona - Lorice - Fisioterapia e Est\u00e9tica\" \/>\n<meta property=\"og:description\" content=\"Full Stop - IDEBENONA &amp; COBRE...\" \/>\n<meta property=\"og:url\" content=\"https:\/\/loricestetic.com.br\/index.php\/2016\/09\/16\/pc-7-mascara-de-idebenona\/\" \/>\n<meta property=\"og:site_name\" content=\"Lorice - Fisioterapia e Est\u00e9tica\" \/>\n<meta property=\"article:published_time\" content=\"2016-09-16T09:55:19+00:00\" \/>\n<meta property=\"article:modified_time\" content=\"2016-09-19T14:50:11+00:00\" \/>\n<meta property=\"og:image\" content=\"http:\/\/loricestetic.com.br\/wp-content\/uploads\/2015\/10\/full-stop-mascara.jpg\" \/>\n<meta name=\"author\" content=\"administrador\" \/>\n<meta name=\"twitter:card\" content=\"summary_large_image\" \/>\n<meta name=\"twitter:label1\" content=\"Escrito por\" \/>\n\t<meta name=\"twitter:data1\" content=\"administrador\" \/>\n\t<meta name=\"twitter:label2\" content=\"Est. tempo de leitura\" \/>\n\t<meta name=\"twitter:data2\" content=\"1 minuto\" \/>\n<script type=\"application\/ld+json\" class=\"yoast-schema-graph\">{\"@context\":\"https:\/\/schema.org\",\"@graph\":[{\"@type\":\"Article\",\"@id\":\"https:\/\/loricestetic.com.br\/index.php\/2016\/09\/16\/pc-7-mascara-de-idebenona\/#article\",\"isPartOf\":{\"@id\":\"https:\/\/loricestetic.com.br\/index.php\/2016\/09\/16\/pc-7-mascara-de-idebenona\/\"},\"author\":{\"name\":\"administrador\",\"@id\":\"https:\/\/loricestetic.com.br\/#\/schema\/person\/503b182d6970ba986b36792b59c37ddb\"},\"headline\":\"M\u00e1scara de Idebenona\",\"datePublished\":\"2016-09-16T09:55:19+00:00\",\"dateModified\":\"2016-09-19T14:50:11+00:00\",\"mainEntityOfPage\":{\"@id\":\"https:\/\/loricestetic.com.br\/index.php\/2016\/09\/16\/pc-7-mascara-de-idebenona\/\"},\"wordCount\":248,\"publisher\":{\"@id\":\"https:\/\/loricestetic.com.br\/#organization\"},\"image\":{\"@id\":\"https:\/\/loricestetic.com.br\/index.php\/2016\/09\/16\/pc-7-mascara-de-idebenona\/#primaryimage\"},\"thumbnailUrl\":\"http:\/\/loricestetic.com.br\/wp-content\/uploads\/2015\/10\/full-stop-mascara.jpg\",\"articleSection\":[\"Produtos\"],\"inLanguage\":\"pt-BR\"},{\"@type\":\"WebPage\",\"@id\":\"https:\/\/loricestetic.com.br\/index.php\/2016\/09\/16\/pc-7-mascara-de-idebenona\/\",\"url\":\"https:\/\/loricestetic.com.br\/index.php\/2016\/09\/16\/pc-7-mascara-de-idebenona\/\",\"name\":\"M\u00e1scara de Idebenona - Lorice - Fisioterapia e Est\u00e9tica\",\"isPartOf\":{\"@id\":\"https:\/\/loricestetic.com.br\/#website\"},\"primaryImageOfPage\":{\"@id\":\"https:\/\/loricestetic.com.br\/index.php\/2016\/09\/16\/pc-7-mascara-de-idebenona\/#primaryimage\"},\"image\":{\"@id\":\"https:\/\/loricestetic.com.br\/index.php\/2016\/09\/16\/pc-7-mascara-de-idebenona\/#primaryimage\"},\"thumbnailUrl\":\"http:\/\/loricestetic.com.br\/wp-content\/uploads\/2015\/10\/full-stop-mascara.jpg\",\"datePublished\":\"2016-09-16T09:55:19+00:00\",\"dateModified\":\"2016-09-19T14:50:11+00:00\",\"breadcrumb\":{\"@id\":\"https:\/\/loricestetic.com.br\/index.php\/2016\/09\/16\/pc-7-mascara-de-idebenona\/#breadcrumb\"},\"inLanguage\":\"pt-BR\",\"potentialAction\":[{\"@type\":\"ReadAction\",\"target\":[\"https:\/\/loricestetic.com.br\/index.php\/2016\/09\/16\/pc-7-mascara-de-idebenona\/\"]}]},{\"@type\":\"ImageObject\",\"inLanguage\":\"pt-BR\",\"@id\":\"https:\/\/loricestetic.com.br\/index.php\/2016\/09\/16\/pc-7-mascara-de-idebenona\/#primaryimage\",\"url\":\"http:\/\/loricestetic.com.br\/wp-content\/uploads\/2015\/10\/full-stop-mascara.jpg\",\"contentUrl\":\"http:\/\/loricestetic.com.br\/wp-content\/uploads\/2015\/10\/full-stop-mascara.jpg\"},{\"@type\":\"BreadcrumbList\",\"@id\":\"https:\/\/loricestetic.com.br\/index.php\/2016\/09\/16\/pc-7-mascara-de-idebenona\/#breadcrumb\",\"itemListElement\":[{\"@type\":\"ListItem\",\"position\":1,\"name\":\"In\u00edcio\",\"item\":\"https:\/\/loricestetic.com.br\/\"},{\"@type\":\"ListItem\",\"position\":2,\"name\":\"M\u00e1scara de Idebenona\"}]},{\"@type\":\"WebSite\",\"@id\":\"https:\/\/loricestetic.com.br\/#website\",\"url\":\"https:\/\/loricestetic.com.br\/\",\"name\":\"Lorice - Fisioterapia e Est\u00e9tica\",\"description\":\"\",\"publisher\":{\"@id\":\"https:\/\/loricestetic.com.br\/#organization\"},\"potentialAction\":[{\"@type\":\"SearchAction\",\"target\":{\"@type\":\"EntryPoint\",\"urlTemplate\":\"https:\/\/loricestetic.com.br\/?s={search_term_string}\"},\"query-input\":{\"@type\":\"PropertyValueSpecification\",\"valueRequired\":true,\"valueName\":\"search_term_string\"}}],\"inLanguage\":\"pt-BR\"},{\"@type\":\"Organization\",\"@id\":\"https:\/\/loricestetic.com.br\/#organization\",\"name\":\"Lorice - Fisioterapia e Est\u00e9tica\",\"url\":\"https:\/\/loricestetic.com.br\/\",\"logo\":{\"@type\":\"ImageObject\",\"inLanguage\":\"pt-BR\",\"@id\":\"https:\/\/loricestetic.com.br\/#\/schema\/logo\/image\/\",\"url\":\"https:\/\/loricestetic.com.br\/wp-content\/uploads\/2015\/09\/cropped-logo.png\",\"contentUrl\":\"https:\/\/loricestetic.com.br\/wp-content\/uploads\/2015\/09\/cropped-logo.png\",\"width\":160,\"height\":83,\"caption\":\"Lorice - Fisioterapia e Est\u00e9tica\"},\"image\":{\"@id\":\"https:\/\/loricestetic.com.br\/#\/schema\/logo\/image\/\"}},{\"@type\":\"Person\",\"@id\":\"https:\/\/loricestetic.com.br\/#\/schema\/person\/503b182d6970ba986b36792b59c37ddb\",\"name\":\"administrador\",\"image\":{\"@type\":\"ImageObject\",\"inLanguage\":\"pt-BR\",\"@id\":\"https:\/\/loricestetic.com.br\/#\/schema\/person\/image\/\",\"url\":\"https:\/\/secure.gravatar.com\/avatar\/b4d94d6d7255d61c0560ba366e0cc0b6217ba0bd6aed93369d4b20c7ad4c0141?s=96&d=mm&r=g\",\"contentUrl\":\"https:\/\/secure.gravatar.com\/avatar\/b4d94d6d7255d61c0560ba366e0cc0b6217ba0bd6aed93369d4b20c7ad4c0141?s=96&d=mm&r=g\",\"caption\":\"administrador\"},\"url\":\"https:\/\/loricestetic.com.br\/index.php\/author\/admin\/\"}]}<\/script>\n<!-- \/ Yoast SEO plugin. -->","yoast_head_json":{"title":"M\u00e1scara de Idebenona - Lorice - Fisioterapia e Est\u00e9tica","robots":{"index":"index","follow":"follow","max-snippet":"max-snippet:-1","max-image-preview":"max-image-preview:large","max-video-preview":"max-video-preview:-1"},"canonical":"https:\/\/loricestetic.com.br\/index.php\/2016\/09\/16\/pc-7-mascara-de-idebenona\/","og_locale":"pt_BR","og_type":"article","og_title":"M\u00e1scara de Idebenona - Lorice - Fisioterapia e Est\u00e9tica","og_description":"Full Stop - IDEBENONA & COBRE...","og_url":"https:\/\/loricestetic.com.br\/index.php\/2016\/09\/16\/pc-7-mascara-de-idebenona\/","og_site_name":"Lorice - Fisioterapia e Est\u00e9tica","article_published_time":"2016-09-16T09:55:19+00:00","article_modified_time":"2016-09-19T14:50:11+00:00","og_image":[{"url":"http:\/\/loricestetic.com.br\/wp-content\/uploads\/2015\/10\/full-stop-mascara.jpg","type":"","width":"","height":""}],"author":"administrador","twitter_card":"summary_large_image","twitter_misc":{"Escrito por":"administrador","Est. tempo de leitura":"1 minuto"},"schema":{"@context":"https:\/\/schema.org","@graph":[{"@type":"Article","@id":"https:\/\/loricestetic.com.br\/index.php\/2016\/09\/16\/pc-7-mascara-de-idebenona\/#article","isPartOf":{"@id":"https:\/\/loricestetic.com.br\/index.php\/2016\/09\/16\/pc-7-mascara-de-idebenona\/"},"author":{"name":"administrador","@id":"https:\/\/loricestetic.com.br\/#\/schema\/person\/503b182d6970ba986b36792b59c37ddb"},"headline":"M\u00e1scara de Idebenona","datePublished":"2016-09-16T09:55:19+00:00","dateModified":"2016-09-19T14:50:11+00:00","mainEntityOfPage":{"@id":"https:\/\/loricestetic.com.br\/index.php\/2016\/09\/16\/pc-7-mascara-de-idebenona\/"},"wordCount":248,"publisher":{"@id":"https:\/\/loricestetic.com.br\/#organization"},"image":{"@id":"https:\/\/loricestetic.com.br\/index.php\/2016\/09\/16\/pc-7-mascara-de-idebenona\/#primaryimage"},"thumbnailUrl":"http:\/\/loricestetic.com.br\/wp-content\/uploads\/2015\/10\/full-stop-mascara.jpg","articleSection":["Produtos"],"inLanguage":"pt-BR"},{"@type":"WebPage","@id":"https:\/\/loricestetic.com.br\/index.php\/2016\/09\/16\/pc-7-mascara-de-idebenona\/","url":"https:\/\/loricestetic.com.br\/index.php\/2016\/09\/16\/pc-7-mascara-de-idebenona\/","name":"M\u00e1scara de Idebenona - Lorice - Fisioterapia e Est\u00e9tica","isPartOf":{"@id":"https:\/\/loricestetic.com.br\/#website"},"primaryImageOfPage":{"@id":"https:\/\/loricestetic.com.br\/index.php\/2016\/09\/16\/pc-7-mascara-de-idebenona\/#primaryimage"},"image":{"@id":"https:\/\/loricestetic.com.br\/index.php\/2016\/09\/16\/pc-7-mascara-de-idebenona\/#primaryimage"},"thumbnailUrl":"http:\/\/loricestetic.com.br\/wp-content\/uploads\/2015\/10\/full-stop-mascara.jpg","datePublished":"2016-09-16T09:55:19+00:00","dateModified":"2016-09-19T14:50:11+00:00","breadcrumb":{"@id":"https:\/\/loricestetic.com.br\/index.php\/2016\/09\/16\/pc-7-mascara-de-idebenona\/#breadcrumb"},"inLanguage":"pt-BR","potentialAction":[{"@type":"ReadAction","target":["https:\/\/loricestetic.com.br\/index.php\/2016\/09\/16\/pc-7-mascara-de-idebenona\/"]}]},{"@type":"ImageObject","inLanguage":"pt-BR","@id":"https:\/\/loricestetic.com.br\/index.php\/2016\/09\/16\/pc-7-mascara-de-idebenona\/#primaryimage","url":"http:\/\/loricestetic.com.br\/wp-content\/uploads\/2015\/10\/full-stop-mascara.jpg","contentUrl":"http:\/\/loricestetic.com.br\/wp-content\/uploads\/2015\/10\/full-stop-mascara.jpg"},{"@type":"BreadcrumbList","@id":"https:\/\/loricestetic.com.br\/index.php\/2016\/09\/16\/pc-7-mascara-de-idebenona\/#breadcrumb","itemListElement":[{"@type":"ListItem","position":1,"name":"In\u00edcio","item":"https:\/\/loricestetic.com.br\/"},{"@type":"ListItem","position":2,"name":"M\u00e1scara de Idebenona"}]},{"@type":"WebSite","@id":"https:\/\/loricestetic.com.br\/#website","url":"https:\/\/loricestetic.com.br\/","name":"Lorice - Fisioterapia e Est\u00e9tica","description":"","publisher":{"@id":"https:\/\/loricestetic.com.br\/#organization"},"potentialAction":[{"@type":"SearchAction","target":{"@type":"EntryPoint","urlTemplate":"https:\/\/loricestetic.com.br\/?s={search_term_string}"},"query-input":{"@type":"PropertyValueSpecification","valueRequired":true,"valueName":"search_term_string"}}],"inLanguage":"pt-BR"},{"@type":"Organization","@id":"https:\/\/loricestetic.com.br\/#organization","name":"Lorice - Fisioterapia e Est\u00e9tica","url":"https:\/\/loricestetic.com.br\/","logo":{"@type":"ImageObject","inLanguage":"pt-BR","@id":"https:\/\/loricestetic.com.br\/#\/schema\/logo\/image\/","url":"https:\/\/loricestetic.com.br\/wp-content\/uploads\/2015\/09\/cropped-logo.png","contentUrl":"https:\/\/loricestetic.com.br\/wp-content\/uploads\/2015\/09\/cropped-logo.png","width":160,"height":83,"caption":"Lorice - Fisioterapia e Est\u00e9tica"},"image":{"@id":"https:\/\/loricestetic.com.br\/#\/schema\/logo\/image\/"}},{"@type":"Person","@id":"https:\/\/loricestetic.com.br\/#\/schema\/person\/503b182d6970ba986b36792b59c37ddb","name":"administrador","image":{"@type":"ImageObject","inLanguage":"pt-BR","@id":"https:\/\/loricestetic.com.br\/#\/schema\/person\/image\/","url":"https:\/\/secure.gravatar.com\/avatar\/b4d94d6d7255d61c0560ba366e0cc0b6217ba0bd6aed93369d4b20c7ad4c0141?s=96&d=mm&r=g","contentUrl":"https:\/\/secure.gravatar.com\/avatar\/b4d94d6d7255d61c0560ba366e0cc0b6217ba0bd6aed93369d4b20c7ad4c0141?s=96&d=mm&r=g","caption":"administrador"},"url":"https:\/\/loricestetic.com.br\/index.php\/author\/admin\/"}]}},"_links":{"self":[{"href":"https:\/\/loricestetic.com.br\/index.php\/wp-json\/wp\/v2\/posts\/454","targetHints":{"allow":["GET"]}}],"collection":[{"href":"https:\/\/loricestetic.com.br\/index.php\/wp-json\/wp\/v2\/posts"}],"about":[{"href":"https:\/\/loricestetic.com.br\/index.php\/wp-json\/wp\/v2\/types\/post"}],"author":[{"embeddable":true,"href":"https:\/\/loricestetic.com.br\/index.php\/wp-json\/wp\/v2\/users\/1"}],"replies":[{"embeddable":true,"href":"https:\/\/loricestetic.com.br\/index.php\/wp-json\/wp\/v2\/comments?post=454"}],"version-history":[{"count":5,"href":"https:\/\/loricestetic.com.br\/index.php\/wp-json\/wp\/v2\/posts\/454\/revisions"}],"predecessor-version":[{"id":2257,"href":"https:\/\/loricestetic.com.br\/index.php\/wp-json\/wp\/v2\/posts\/454\/revisions\/2257"}],"wp:attachment":[{"href":"https:\/\/loricestetic.com.br\/index.php\/wp-json\/wp\/v2\/media?parent=454"}],"wp:term":[{"taxonomy":"category","embeddable":true,"href":"https:\/\/loricestetic.com.br\/index.php\/wp-json\/wp\/v2\/categories?post=454"},{"taxonomy":"post_tag","embeddable":true,"href":"https:\/\/loricestetic.com.br\/index.php\/wp-json\/wp\/v2\/tags?post=454"}],"curies":[{"name":"wp","href":"https:\/\/api.w.org\/{rel}","templated":true}]}}