{"id":451,"date":"2016-09-16T09:54:20","date_gmt":"2016-09-16T09:54:20","guid":{"rendered":"http:\/\/loricestetic.com.br\/?p=451"},"modified":"2016-09-19T14:50:29","modified_gmt":"2016-09-19T14:50:29","slug":"pc-8-mascara-de-nacar-e-proteina-de-arroz","status":"publish","type":"post","link":"https:\/\/loricestetic.com.br\/index.php\/2016\/09\/16\/pc-8-mascara-de-nacar-e-proteina-de-arroz\/","title":{"rendered":"M\u00e1scara de N\u00e1car e Prote\u00edna de Arroz"},"content":{"rendered":"<p><img decoding=\"async\" class=\"size-full wp-image-452 aligncenter\" src=\"https:\/\/loricestetic.com.br\/wp-content\/uploads\/2015\/10\/nacar-arroz.jpg\" alt=\"nacar-arroz\" width=\"124\" height=\"179\" \/><\/p>\n<p>N\u00e1car &amp; Prote\u00edna de Arroz<\/p>\n<p><strong>M\u00c1SCARA FACIAL REGENERADORA COM N\u00c1CAR E ORCIRTINE<\/strong><\/p>\n<p>O N\u00e1car por sua riqueza em Amino\u00e1cidos, mucopolisac\u00e1ridos e subst\u00e2ncias reafirmantes melhora a textura e a luminosidade do rosto.<\/p>\n<p>Cont\u00e9m tamb\u00e9m Orsirtine (prote\u00ednas de arroz) com a\u00e7\u00e3o antiage; Bamb\u00fa, um revitalizante e reestruturante dos tecidos.<\/p>\n<p><strong>Recipiente com 50g.<\/strong><\/p>\n<p><strong>Pre\u00e7o: Sob Consulta<\/strong><\/p>\n","protected":false},"excerpt":{"rendered":"<p>N\u00e1car &#038; Prote\u00edna de Arroz&#8230;<\/p>\n","protected":false},"author":1,"featured_media":0,"comment_status":"closed","ping_status":"closed","sticky":false,"template":"","format":"standard","meta":{"footnotes":""},"categories":[32],"tags":[],"class_list":["post-451","post","type-post","status-publish","format-standard","hentry","category-produtos"],"yoast_head":"<!-- This site is optimized with the Yoast SEO plugin v26.2 - https:\/\/yoast.com\/wordpress\/plugins\/seo\/ -->\n<title>M\u00e1scara de N\u00e1car e Prote\u00edna de Arroz - Lorice - Fisioterapia e Est\u00e9tica<\/title>\n<meta name=\"robots\" content=\"index, follow, max-snippet:-1, max-image-preview:large, max-video-preview:-1\" \/>\n<link rel=\"canonical\" href=\"https:\/\/loricestetic.com.br\/index.php\/2016\/09\/16\/pc-8-mascara-de-nacar-e-proteina-de-arroz\/\" \/>\n<meta property=\"og:locale\" content=\"pt_BR\" \/>\n<meta property=\"og:type\" content=\"article\" \/>\n<meta property=\"og:title\" content=\"M\u00e1scara de N\u00e1car e Prote\u00edna de Arroz - Lorice - Fisioterapia e Est\u00e9tica\" \/>\n<meta property=\"og:description\" content=\"N\u00e1car &amp; Prote\u00edna de Arroz...\" \/>\n<meta property=\"og:url\" content=\"https:\/\/loricestetic.com.br\/index.php\/2016\/09\/16\/pc-8-mascara-de-nacar-e-proteina-de-arroz\/\" \/>\n<meta property=\"og:site_name\" content=\"Lorice - Fisioterapia e Est\u00e9tica\" \/>\n<meta property=\"article:published_time\" content=\"2016-09-16T09:54:20+00:00\" \/>\n<meta property=\"article:modified_time\" content=\"2016-09-19T14:50:29+00:00\" \/>\n<meta property=\"og:image\" content=\"http:\/\/loricestetic.com.br\/wp-content\/uploads\/2015\/10\/nacar-arroz.jpg\" \/>\n<meta name=\"author\" content=\"administrador\" \/>\n<meta name=\"twitter:card\" content=\"summary_large_image\" \/>\n<meta name=\"twitter:label1\" content=\"Escrito por\" \/>\n\t<meta name=\"twitter:data1\" content=\"administrador\" \/>\n<script type=\"application\/ld+json\" class=\"yoast-schema-graph\">{\"@context\":\"https:\/\/schema.org\",\"@graph\":[{\"@type\":\"Article\",\"@id\":\"https:\/\/loricestetic.com.br\/index.php\/2016\/09\/16\/pc-8-mascara-de-nacar-e-proteina-de-arroz\/#article\",\"isPartOf\":{\"@id\":\"https:\/\/loricestetic.com.br\/index.php\/2016\/09\/16\/pc-8-mascara-de-nacar-e-proteina-de-arroz\/\"},\"author\":{\"name\":\"administrador\",\"@id\":\"https:\/\/loricestetic.com.br\/#\/schema\/person\/503b182d6970ba986b36792b59c37ddb\"},\"headline\":\"M\u00e1scara de N\u00e1car e Prote\u00edna de Arroz\",\"datePublished\":\"2016-09-16T09:54:20+00:00\",\"dateModified\":\"2016-09-19T14:50:29+00:00\",\"mainEntityOfPage\":{\"@id\":\"https:\/\/loricestetic.com.br\/index.php\/2016\/09\/16\/pc-8-mascara-de-nacar-e-proteina-de-arroz\/\"},\"wordCount\":76,\"publisher\":{\"@id\":\"https:\/\/loricestetic.com.br\/#organization\"},\"image\":{\"@id\":\"https:\/\/loricestetic.com.br\/index.php\/2016\/09\/16\/pc-8-mascara-de-nacar-e-proteina-de-arroz\/#primaryimage\"},\"thumbnailUrl\":\"http:\/\/loricestetic.com.br\/wp-content\/uploads\/2015\/10\/nacar-arroz.jpg\",\"articleSection\":[\"Produtos\"],\"inLanguage\":\"pt-BR\"},{\"@type\":\"WebPage\",\"@id\":\"https:\/\/loricestetic.com.br\/index.php\/2016\/09\/16\/pc-8-mascara-de-nacar-e-proteina-de-arroz\/\",\"url\":\"https:\/\/loricestetic.com.br\/index.php\/2016\/09\/16\/pc-8-mascara-de-nacar-e-proteina-de-arroz\/\",\"name\":\"M\u00e1scara de N\u00e1car e Prote\u00edna de Arroz - Lorice - Fisioterapia e Est\u00e9tica\",\"isPartOf\":{\"@id\":\"https:\/\/loricestetic.com.br\/#website\"},\"primaryImageOfPage\":{\"@id\":\"https:\/\/loricestetic.com.br\/index.php\/2016\/09\/16\/pc-8-mascara-de-nacar-e-proteina-de-arroz\/#primaryimage\"},\"image\":{\"@id\":\"https:\/\/loricestetic.com.br\/index.php\/2016\/09\/16\/pc-8-mascara-de-nacar-e-proteina-de-arroz\/#primaryimage\"},\"thumbnailUrl\":\"http:\/\/loricestetic.com.br\/wp-content\/uploads\/2015\/10\/nacar-arroz.jpg\",\"datePublished\":\"2016-09-16T09:54:20+00:00\",\"dateModified\":\"2016-09-19T14:50:29+00:00\",\"breadcrumb\":{\"@id\":\"https:\/\/loricestetic.com.br\/index.php\/2016\/09\/16\/pc-8-mascara-de-nacar-e-proteina-de-arroz\/#breadcrumb\"},\"inLanguage\":\"pt-BR\",\"potentialAction\":[{\"@type\":\"ReadAction\",\"target\":[\"https:\/\/loricestetic.com.br\/index.php\/2016\/09\/16\/pc-8-mascara-de-nacar-e-proteina-de-arroz\/\"]}]},{\"@type\":\"ImageObject\",\"inLanguage\":\"pt-BR\",\"@id\":\"https:\/\/loricestetic.com.br\/index.php\/2016\/09\/16\/pc-8-mascara-de-nacar-e-proteina-de-arroz\/#primaryimage\",\"url\":\"http:\/\/loricestetic.com.br\/wp-content\/uploads\/2015\/10\/nacar-arroz.jpg\",\"contentUrl\":\"http:\/\/loricestetic.com.br\/wp-content\/uploads\/2015\/10\/nacar-arroz.jpg\"},{\"@type\":\"BreadcrumbList\",\"@id\":\"https:\/\/loricestetic.com.br\/index.php\/2016\/09\/16\/pc-8-mascara-de-nacar-e-proteina-de-arroz\/#breadcrumb\",\"itemListElement\":[{\"@type\":\"ListItem\",\"position\":1,\"name\":\"In\u00edcio\",\"item\":\"https:\/\/loricestetic.com.br\/\"},{\"@type\":\"ListItem\",\"position\":2,\"name\":\"M\u00e1scara de N\u00e1car e Prote\u00edna de Arroz\"}]},{\"@type\":\"WebSite\",\"@id\":\"https:\/\/loricestetic.com.br\/#website\",\"url\":\"https:\/\/loricestetic.com.br\/\",\"name\":\"Lorice - Fisioterapia e Est\u00e9tica\",\"description\":\"\",\"publisher\":{\"@id\":\"https:\/\/loricestetic.com.br\/#organization\"},\"potentialAction\":[{\"@type\":\"SearchAction\",\"target\":{\"@type\":\"EntryPoint\",\"urlTemplate\":\"https:\/\/loricestetic.com.br\/?s={search_term_string}\"},\"query-input\":{\"@type\":\"PropertyValueSpecification\",\"valueRequired\":true,\"valueName\":\"search_term_string\"}}],\"inLanguage\":\"pt-BR\"},{\"@type\":\"Organization\",\"@id\":\"https:\/\/loricestetic.com.br\/#organization\",\"name\":\"Lorice - Fisioterapia e Est\u00e9tica\",\"url\":\"https:\/\/loricestetic.com.br\/\",\"logo\":{\"@type\":\"ImageObject\",\"inLanguage\":\"pt-BR\",\"@id\":\"https:\/\/loricestetic.com.br\/#\/schema\/logo\/image\/\",\"url\":\"https:\/\/loricestetic.com.br\/wp-content\/uploads\/2015\/09\/cropped-logo.png\",\"contentUrl\":\"https:\/\/loricestetic.com.br\/wp-content\/uploads\/2015\/09\/cropped-logo.png\",\"width\":160,\"height\":83,\"caption\":\"Lorice - Fisioterapia e Est\u00e9tica\"},\"image\":{\"@id\":\"https:\/\/loricestetic.com.br\/#\/schema\/logo\/image\/\"}},{\"@type\":\"Person\",\"@id\":\"https:\/\/loricestetic.com.br\/#\/schema\/person\/503b182d6970ba986b36792b59c37ddb\",\"name\":\"administrador\",\"image\":{\"@type\":\"ImageObject\",\"inLanguage\":\"pt-BR\",\"@id\":\"https:\/\/loricestetic.com.br\/#\/schema\/person\/image\/\",\"url\":\"https:\/\/secure.gravatar.com\/avatar\/b4d94d6d7255d61c0560ba366e0cc0b6217ba0bd6aed93369d4b20c7ad4c0141?s=96&d=mm&r=g\",\"contentUrl\":\"https:\/\/secure.gravatar.com\/avatar\/b4d94d6d7255d61c0560ba366e0cc0b6217ba0bd6aed93369d4b20c7ad4c0141?s=96&d=mm&r=g\",\"caption\":\"administrador\"},\"url\":\"https:\/\/loricestetic.com.br\/index.php\/author\/admin\/\"}]}<\/script>\n<!-- \/ Yoast SEO plugin. -->","yoast_head_json":{"title":"M\u00e1scara de N\u00e1car e Prote\u00edna de Arroz - Lorice - Fisioterapia e Est\u00e9tica","robots":{"index":"index","follow":"follow","max-snippet":"max-snippet:-1","max-image-preview":"max-image-preview:large","max-video-preview":"max-video-preview:-1"},"canonical":"https:\/\/loricestetic.com.br\/index.php\/2016\/09\/16\/pc-8-mascara-de-nacar-e-proteina-de-arroz\/","og_locale":"pt_BR","og_type":"article","og_title":"M\u00e1scara de N\u00e1car e Prote\u00edna de Arroz - Lorice - Fisioterapia e Est\u00e9tica","og_description":"N\u00e1car & Prote\u00edna de Arroz...","og_url":"https:\/\/loricestetic.com.br\/index.php\/2016\/09\/16\/pc-8-mascara-de-nacar-e-proteina-de-arroz\/","og_site_name":"Lorice - Fisioterapia e Est\u00e9tica","article_published_time":"2016-09-16T09:54:20+00:00","article_modified_time":"2016-09-19T14:50:29+00:00","og_image":[{"url":"http:\/\/loricestetic.com.br\/wp-content\/uploads\/2015\/10\/nacar-arroz.jpg","type":"","width":"","height":""}],"author":"administrador","twitter_card":"summary_large_image","twitter_misc":{"Escrito por":"administrador"},"schema":{"@context":"https:\/\/schema.org","@graph":[{"@type":"Article","@id":"https:\/\/loricestetic.com.br\/index.php\/2016\/09\/16\/pc-8-mascara-de-nacar-e-proteina-de-arroz\/#article","isPartOf":{"@id":"https:\/\/loricestetic.com.br\/index.php\/2016\/09\/16\/pc-8-mascara-de-nacar-e-proteina-de-arroz\/"},"author":{"name":"administrador","@id":"https:\/\/loricestetic.com.br\/#\/schema\/person\/503b182d6970ba986b36792b59c37ddb"},"headline":"M\u00e1scara de N\u00e1car e Prote\u00edna de Arroz","datePublished":"2016-09-16T09:54:20+00:00","dateModified":"2016-09-19T14:50:29+00:00","mainEntityOfPage":{"@id":"https:\/\/loricestetic.com.br\/index.php\/2016\/09\/16\/pc-8-mascara-de-nacar-e-proteina-de-arroz\/"},"wordCount":76,"publisher":{"@id":"https:\/\/loricestetic.com.br\/#organization"},"image":{"@id":"https:\/\/loricestetic.com.br\/index.php\/2016\/09\/16\/pc-8-mascara-de-nacar-e-proteina-de-arroz\/#primaryimage"},"thumbnailUrl":"http:\/\/loricestetic.com.br\/wp-content\/uploads\/2015\/10\/nacar-arroz.jpg","articleSection":["Produtos"],"inLanguage":"pt-BR"},{"@type":"WebPage","@id":"https:\/\/loricestetic.com.br\/index.php\/2016\/09\/16\/pc-8-mascara-de-nacar-e-proteina-de-arroz\/","url":"https:\/\/loricestetic.com.br\/index.php\/2016\/09\/16\/pc-8-mascara-de-nacar-e-proteina-de-arroz\/","name":"M\u00e1scara de N\u00e1car e Prote\u00edna de Arroz - Lorice - Fisioterapia e Est\u00e9tica","isPartOf":{"@id":"https:\/\/loricestetic.com.br\/#website"},"primaryImageOfPage":{"@id":"https:\/\/loricestetic.com.br\/index.php\/2016\/09\/16\/pc-8-mascara-de-nacar-e-proteina-de-arroz\/#primaryimage"},"image":{"@id":"https:\/\/loricestetic.com.br\/index.php\/2016\/09\/16\/pc-8-mascara-de-nacar-e-proteina-de-arroz\/#primaryimage"},"thumbnailUrl":"http:\/\/loricestetic.com.br\/wp-content\/uploads\/2015\/10\/nacar-arroz.jpg","datePublished":"2016-09-16T09:54:20+00:00","dateModified":"2016-09-19T14:50:29+00:00","breadcrumb":{"@id":"https:\/\/loricestetic.com.br\/index.php\/2016\/09\/16\/pc-8-mascara-de-nacar-e-proteina-de-arroz\/#breadcrumb"},"inLanguage":"pt-BR","potentialAction":[{"@type":"ReadAction","target":["https:\/\/loricestetic.com.br\/index.php\/2016\/09\/16\/pc-8-mascara-de-nacar-e-proteina-de-arroz\/"]}]},{"@type":"ImageObject","inLanguage":"pt-BR","@id":"https:\/\/loricestetic.com.br\/index.php\/2016\/09\/16\/pc-8-mascara-de-nacar-e-proteina-de-arroz\/#primaryimage","url":"http:\/\/loricestetic.com.br\/wp-content\/uploads\/2015\/10\/nacar-arroz.jpg","contentUrl":"http:\/\/loricestetic.com.br\/wp-content\/uploads\/2015\/10\/nacar-arroz.jpg"},{"@type":"BreadcrumbList","@id":"https:\/\/loricestetic.com.br\/index.php\/2016\/09\/16\/pc-8-mascara-de-nacar-e-proteina-de-arroz\/#breadcrumb","itemListElement":[{"@type":"ListItem","position":1,"name":"In\u00edcio","item":"https:\/\/loricestetic.com.br\/"},{"@type":"ListItem","position":2,"name":"M\u00e1scara de N\u00e1car e Prote\u00edna de Arroz"}]},{"@type":"WebSite","@id":"https:\/\/loricestetic.com.br\/#website","url":"https:\/\/loricestetic.com.br\/","name":"Lorice - Fisioterapia e Est\u00e9tica","description":"","publisher":{"@id":"https:\/\/loricestetic.com.br\/#organization"},"potentialAction":[{"@type":"SearchAction","target":{"@type":"EntryPoint","urlTemplate":"https:\/\/loricestetic.com.br\/?s={search_term_string}"},"query-input":{"@type":"PropertyValueSpecification","valueRequired":true,"valueName":"search_term_string"}}],"inLanguage":"pt-BR"},{"@type":"Organization","@id":"https:\/\/loricestetic.com.br\/#organization","name":"Lorice - Fisioterapia e Est\u00e9tica","url":"https:\/\/loricestetic.com.br\/","logo":{"@type":"ImageObject","inLanguage":"pt-BR","@id":"https:\/\/loricestetic.com.br\/#\/schema\/logo\/image\/","url":"https:\/\/loricestetic.com.br\/wp-content\/uploads\/2015\/09\/cropped-logo.png","contentUrl":"https:\/\/loricestetic.com.br\/wp-content\/uploads\/2015\/09\/cropped-logo.png","width":160,"height":83,"caption":"Lorice - Fisioterapia e Est\u00e9tica"},"image":{"@id":"https:\/\/loricestetic.com.br\/#\/schema\/logo\/image\/"}},{"@type":"Person","@id":"https:\/\/loricestetic.com.br\/#\/schema\/person\/503b182d6970ba986b36792b59c37ddb","name":"administrador","image":{"@type":"ImageObject","inLanguage":"pt-BR","@id":"https:\/\/loricestetic.com.br\/#\/schema\/person\/image\/","url":"https:\/\/secure.gravatar.com\/avatar\/b4d94d6d7255d61c0560ba366e0cc0b6217ba0bd6aed93369d4b20c7ad4c0141?s=96&d=mm&r=g","contentUrl":"https:\/\/secure.gravatar.com\/avatar\/b4d94d6d7255d61c0560ba366e0cc0b6217ba0bd6aed93369d4b20c7ad4c0141?s=96&d=mm&r=g","caption":"administrador"},"url":"https:\/\/loricestetic.com.br\/index.php\/author\/admin\/"}]}},"_links":{"self":[{"href":"https:\/\/loricestetic.com.br\/index.php\/wp-json\/wp\/v2\/posts\/451","targetHints":{"allow":["GET"]}}],"collection":[{"href":"https:\/\/loricestetic.com.br\/index.php\/wp-json\/wp\/v2\/posts"}],"about":[{"href":"https:\/\/loricestetic.com.br\/index.php\/wp-json\/wp\/v2\/types\/post"}],"author":[{"embeddable":true,"href":"https:\/\/loricestetic.com.br\/index.php\/wp-json\/wp\/v2\/users\/1"}],"replies":[{"embeddable":true,"href":"https:\/\/loricestetic.com.br\/index.php\/wp-json\/wp\/v2\/comments?post=451"}],"version-history":[{"count":3,"href":"https:\/\/loricestetic.com.br\/index.php\/wp-json\/wp\/v2\/posts\/451\/revisions"}],"predecessor-version":[{"id":2258,"href":"https:\/\/loricestetic.com.br\/index.php\/wp-json\/wp\/v2\/posts\/451\/revisions\/2258"}],"wp:attachment":[{"href":"https:\/\/loricestetic.com.br\/index.php\/wp-json\/wp\/v2\/media?parent=451"}],"wp:term":[{"taxonomy":"category","embeddable":true,"href":"https:\/\/loricestetic.com.br\/index.php\/wp-json\/wp\/v2\/categories?post=451"},{"taxonomy":"post_tag","embeddable":true,"href":"https:\/\/loricestetic.com.br\/index.php\/wp-json\/wp\/v2\/tags?post=451"}],"curies":[{"name":"wp","href":"https:\/\/api.w.org\/{rel}","templated":true}]}}