{"id":2298,"date":"2017-01-30T11:53:11","date_gmt":"2017-01-30T11:53:11","guid":{"rendered":"http:\/\/loricestetic.com.br\/?p=2298"},"modified":"2017-01-30T11:53:11","modified_gmt":"2017-01-30T11:53:11","slug":"aconteceu-i-curso-internacional-de-terapias-manuais-em-estetica-e-spa","status":"publish","type":"post","link":"https:\/\/loricestetic.com.br\/index.php\/2017\/01\/30\/aconteceu-i-curso-internacional-de-terapias-manuais-em-estetica-e-spa\/","title":{"rendered":"ACONTECEU! I Curso Internacional de Terapias Manuais em Est\u00e9tica e SPA"},"content":{"rendered":"<p style=\"text-align: center;\"><img fetchpriority=\"high\" decoding=\"async\" class=\"alignnone size-full wp-image-2225\" src=\"https:\/\/loricestetic.com.br\/wp-content\/uploads\/2016\/04\/curso-internacional-foto.jpg\" alt=\"curso-internacional-foto\" width=\"600\" height=\"600\" srcset=\"https:\/\/loricestetic.com.br\/wp-content\/uploads\/2016\/04\/curso-internacional-foto.jpg 600w, https:\/\/loricestetic.com.br\/wp-content\/uploads\/2016\/04\/curso-internacional-foto-150x150.jpg 150w, https:\/\/loricestetic.com.br\/wp-content\/uploads\/2016\/04\/curso-internacional-foto-300x300.jpg 300w, https:\/\/loricestetic.com.br\/wp-content\/uploads\/2016\/04\/curso-internacional-foto-500x500.jpg 500w, https:\/\/loricestetic.com.br\/wp-content\/uploads\/2016\/04\/curso-internacional-foto-400x400.jpg 400w\" sizes=\"(max-width: 600px) 100vw, 600px\" \/> <img decoding=\"async\" class=\"alignnone size-full wp-image-2226\" src=\"https:\/\/loricestetic.com.br\/wp-content\/uploads\/2016\/04\/curso-internacional-foto2.jpg\" alt=\"curso-internacional-foto2\" width=\"600\" height=\"450\" srcset=\"https:\/\/loricestetic.com.br\/wp-content\/uploads\/2016\/04\/curso-internacional-foto2.jpg 600w, https:\/\/loricestetic.com.br\/wp-content\/uploads\/2016\/04\/curso-internacional-foto2-300x225.jpg 300w\" sizes=\"(max-width: 600px) 100vw, 600px\" \/> <img decoding=\"async\" class=\"alignnone size-full wp-image-2227\" src=\"https:\/\/loricestetic.com.br\/wp-content\/uploads\/2016\/04\/curso-internacional-foto3.jpg\" alt=\"curso-internacional-foto3\" width=\"600\" height=\"600\" srcset=\"https:\/\/loricestetic.com.br\/wp-content\/uploads\/2016\/04\/curso-internacional-foto3.jpg 600w, https:\/\/loricestetic.com.br\/wp-content\/uploads\/2016\/04\/curso-internacional-foto3-150x150.jpg 150w, https:\/\/loricestetic.com.br\/wp-content\/uploads\/2016\/04\/curso-internacional-foto3-300x300.jpg 300w, https:\/\/loricestetic.com.br\/wp-content\/uploads\/2016\/04\/curso-internacional-foto3-500x500.jpg 500w, https:\/\/loricestetic.com.br\/wp-content\/uploads\/2016\/04\/curso-internacional-foto3-400x400.jpg 400w\" sizes=\"(max-width: 600px) 100vw, 600px\" \/><\/p>\n<p style=\"text-align: left;\"><a href=\"https:\/\/loricestetic.com.br\/wp-content\/uploads\/2016\/04\/curso-internacional.jpg\"><img loading=\"lazy\" decoding=\"async\" class=\"size-full wp-image-1990 aligncenter\" src=\"https:\/\/loricestetic.com.br\/wp-content\/uploads\/2016\/04\/curso-internacional.jpg\" alt=\"curso-internacional\" width=\"820\" height=\"1544\" srcset=\"https:\/\/loricestetic.com.br\/wp-content\/uploads\/2016\/04\/curso-internacional.jpg 820w, https:\/\/loricestetic.com.br\/wp-content\/uploads\/2016\/04\/curso-internacional-159x300.jpg 159w, https:\/\/loricestetic.com.br\/wp-content\/uploads\/2016\/04\/curso-internacional-544x1024.jpg 544w\" sizes=\"(max-width: 820px) 100vw, 820px\" \/><\/a><\/p>\n<p style=\"text-align: center;\">Gil Amsallem <a href=\"http:\/\/MK.DE\">MK.DE<\/a> &#8211; TM<br \/>\n<em>Th\u00e9rapeute &#8211; Formateur &#8211; <\/em><em>Consultant Sant\u00e9 &amp; bien-\u00eatre<\/em><\/p>\n<p style=\"text-align: center;\"><u>Kin\u00e9sith\u00e9rapie Esth\u00e9tique &amp; Th\u00e9rapie Manuelle <\/u><br \/>\nRendez &#8211; vous en ligne sur Doctolib :<\/p>\n<p style=\"text-align: center;\"><a href=\"https:\/\/www.doctolib.fr\/masseur-kinesitherapeute\/paris\/gil-amsallem\">https:\/\/www.doctolib.fr\/masseur-kinesitherapeute\/paris\/gil-amsallem<\/a><br \/>\nClinique des Champs Elys\u00e9es<br \/>\n61 avenue Franklin D. Roosevelt &#8211; Paris 75008<\/p>\n","protected":false},"excerpt":{"rendered":"<p>Gil Amsallem MK.DE &#8211; TM Th\u00e9rapeute &#8211; Formateur &#8211; Consultant Sant\u00e9 &amp; bien-\u00eatre Kin\u00e9sith\u00e9rapie Esth\u00e9tique &amp; Th\u00e9rapie Manuelle Rendez &#8211; vous en ligne sur Doctolib [&hellip;]<\/p>\n","protected":false},"author":1,"featured_media":0,"comment_status":"open","ping_status":"open","sticky":false,"template":"","format":"standard","meta":{"footnotes":""},"categories":[28],"tags":[],"class_list":["post-2298","post","type-post","status-publish","format-standard","hentry","category-materias"],"yoast_head":"<!-- This site is optimized with the Yoast SEO plugin v26.2 - https:\/\/yoast.com\/wordpress\/plugins\/seo\/ -->\n<title>ACONTECEU! I Curso Internacional de Terapias Manuais em Est\u00e9tica e SPA - Lorice - Fisioterapia e Est\u00e9tica<\/title>\n<meta name=\"robots\" content=\"index, follow, max-snippet:-1, max-image-preview:large, max-video-preview:-1\" \/>\n<link rel=\"canonical\" href=\"https:\/\/loricestetic.com.br\/index.php\/2017\/01\/30\/aconteceu-i-curso-internacional-de-terapias-manuais-em-estetica-e-spa\/\" \/>\n<meta property=\"og:locale\" content=\"pt_BR\" \/>\n<meta property=\"og:type\" content=\"article\" \/>\n<meta property=\"og:title\" content=\"ACONTECEU! I Curso Internacional de Terapias Manuais em Est\u00e9tica e SPA - Lorice - Fisioterapia e Est\u00e9tica\" \/>\n<meta property=\"og:description\" content=\"Gil Amsallem MK.DE &#8211; TM Th\u00e9rapeute &#8211; Formateur &#8211; Consultant Sant\u00e9 &amp; bien-\u00eatre Kin\u00e9sith\u00e9rapie Esth\u00e9tique &amp; Th\u00e9rapie Manuelle Rendez &#8211; vous en ligne sur Doctolib [&hellip;]\" \/>\n<meta property=\"og:url\" content=\"https:\/\/loricestetic.com.br\/index.php\/2017\/01\/30\/aconteceu-i-curso-internacional-de-terapias-manuais-em-estetica-e-spa\/\" \/>\n<meta property=\"og:site_name\" content=\"Lorice - Fisioterapia e Est\u00e9tica\" \/>\n<meta property=\"article:published_time\" content=\"2017-01-30T11:53:11+00:00\" \/>\n<meta property=\"og:image\" content=\"http:\/\/loricestetic.com.br\/wp-content\/uploads\/2016\/04\/curso-internacional-foto.jpg\" \/>\n<meta name=\"author\" content=\"administrador\" \/>\n<meta name=\"twitter:card\" content=\"summary_large_image\" \/>\n<meta name=\"twitter:label1\" content=\"Escrito por\" \/>\n\t<meta name=\"twitter:data1\" content=\"administrador\" \/>\n<script type=\"application\/ld+json\" class=\"yoast-schema-graph\">{\"@context\":\"https:\/\/schema.org\",\"@graph\":[{\"@type\":\"Article\",\"@id\":\"https:\/\/loricestetic.com.br\/index.php\/2017\/01\/30\/aconteceu-i-curso-internacional-de-terapias-manuais-em-estetica-e-spa\/#article\",\"isPartOf\":{\"@id\":\"https:\/\/loricestetic.com.br\/index.php\/2017\/01\/30\/aconteceu-i-curso-internacional-de-terapias-manuais-em-estetica-e-spa\/\"},\"author\":{\"name\":\"administrador\",\"@id\":\"https:\/\/loricestetic.com.br\/#\/schema\/person\/503b182d6970ba986b36792b59c37ddb\"},\"headline\":\"ACONTECEU! I Curso Internacional de Terapias Manuais em Est\u00e9tica e SPA\",\"datePublished\":\"2017-01-30T11:53:11+00:00\",\"mainEntityOfPage\":{\"@id\":\"https:\/\/loricestetic.com.br\/index.php\/2017\/01\/30\/aconteceu-i-curso-internacional-de-terapias-manuais-em-estetica-e-spa\/\"},\"wordCount\":62,\"commentCount\":0,\"publisher\":{\"@id\":\"https:\/\/loricestetic.com.br\/#organization\"},\"image\":{\"@id\":\"https:\/\/loricestetic.com.br\/index.php\/2017\/01\/30\/aconteceu-i-curso-internacional-de-terapias-manuais-em-estetica-e-spa\/#primaryimage\"},\"thumbnailUrl\":\"http:\/\/loricestetic.com.br\/wp-content\/uploads\/2016\/04\/curso-internacional-foto.jpg\",\"articleSection\":[\"MAT\u00c9RIAS\"],\"inLanguage\":\"pt-BR\",\"potentialAction\":[{\"@type\":\"CommentAction\",\"name\":\"Comment\",\"target\":[\"https:\/\/loricestetic.com.br\/index.php\/2017\/01\/30\/aconteceu-i-curso-internacional-de-terapias-manuais-em-estetica-e-spa\/#respond\"]}]},{\"@type\":\"WebPage\",\"@id\":\"https:\/\/loricestetic.com.br\/index.php\/2017\/01\/30\/aconteceu-i-curso-internacional-de-terapias-manuais-em-estetica-e-spa\/\",\"url\":\"https:\/\/loricestetic.com.br\/index.php\/2017\/01\/30\/aconteceu-i-curso-internacional-de-terapias-manuais-em-estetica-e-spa\/\",\"name\":\"ACONTECEU! I Curso Internacional de Terapias Manuais em Est\u00e9tica e SPA - Lorice - Fisioterapia e Est\u00e9tica\",\"isPartOf\":{\"@id\":\"https:\/\/loricestetic.com.br\/#website\"},\"primaryImageOfPage\":{\"@id\":\"https:\/\/loricestetic.com.br\/index.php\/2017\/01\/30\/aconteceu-i-curso-internacional-de-terapias-manuais-em-estetica-e-spa\/#primaryimage\"},\"image\":{\"@id\":\"https:\/\/loricestetic.com.br\/index.php\/2017\/01\/30\/aconteceu-i-curso-internacional-de-terapias-manuais-em-estetica-e-spa\/#primaryimage\"},\"thumbnailUrl\":\"http:\/\/loricestetic.com.br\/wp-content\/uploads\/2016\/04\/curso-internacional-foto.jpg\",\"datePublished\":\"2017-01-30T11:53:11+00:00\",\"breadcrumb\":{\"@id\":\"https:\/\/loricestetic.com.br\/index.php\/2017\/01\/30\/aconteceu-i-curso-internacional-de-terapias-manuais-em-estetica-e-spa\/#breadcrumb\"},\"inLanguage\":\"pt-BR\",\"potentialAction\":[{\"@type\":\"ReadAction\",\"target\":[\"https:\/\/loricestetic.com.br\/index.php\/2017\/01\/30\/aconteceu-i-curso-internacional-de-terapias-manuais-em-estetica-e-spa\/\"]}]},{\"@type\":\"ImageObject\",\"inLanguage\":\"pt-BR\",\"@id\":\"https:\/\/loricestetic.com.br\/index.php\/2017\/01\/30\/aconteceu-i-curso-internacional-de-terapias-manuais-em-estetica-e-spa\/#primaryimage\",\"url\":\"http:\/\/loricestetic.com.br\/wp-content\/uploads\/2016\/04\/curso-internacional-foto.jpg\",\"contentUrl\":\"http:\/\/loricestetic.com.br\/wp-content\/uploads\/2016\/04\/curso-internacional-foto.jpg\"},{\"@type\":\"BreadcrumbList\",\"@id\":\"https:\/\/loricestetic.com.br\/index.php\/2017\/01\/30\/aconteceu-i-curso-internacional-de-terapias-manuais-em-estetica-e-spa\/#breadcrumb\",\"itemListElement\":[{\"@type\":\"ListItem\",\"position\":1,\"name\":\"In\u00edcio\",\"item\":\"https:\/\/loricestetic.com.br\/\"},{\"@type\":\"ListItem\",\"position\":2,\"name\":\"ACONTECEU! I Curso Internacional de Terapias Manuais em Est\u00e9tica e SPA\"}]},{\"@type\":\"WebSite\",\"@id\":\"https:\/\/loricestetic.com.br\/#website\",\"url\":\"https:\/\/loricestetic.com.br\/\",\"name\":\"Lorice - Fisioterapia e Est\u00e9tica\",\"description\":\"\",\"publisher\":{\"@id\":\"https:\/\/loricestetic.com.br\/#organization\"},\"potentialAction\":[{\"@type\":\"SearchAction\",\"target\":{\"@type\":\"EntryPoint\",\"urlTemplate\":\"https:\/\/loricestetic.com.br\/?s={search_term_string}\"},\"query-input\":{\"@type\":\"PropertyValueSpecification\",\"valueRequired\":true,\"valueName\":\"search_term_string\"}}],\"inLanguage\":\"pt-BR\"},{\"@type\":\"Organization\",\"@id\":\"https:\/\/loricestetic.com.br\/#organization\",\"name\":\"Lorice - Fisioterapia e Est\u00e9tica\",\"url\":\"https:\/\/loricestetic.com.br\/\",\"logo\":{\"@type\":\"ImageObject\",\"inLanguage\":\"pt-BR\",\"@id\":\"https:\/\/loricestetic.com.br\/#\/schema\/logo\/image\/\",\"url\":\"https:\/\/loricestetic.com.br\/wp-content\/uploads\/2015\/09\/cropped-logo.png\",\"contentUrl\":\"https:\/\/loricestetic.com.br\/wp-content\/uploads\/2015\/09\/cropped-logo.png\",\"width\":160,\"height\":83,\"caption\":\"Lorice - Fisioterapia e Est\u00e9tica\"},\"image\":{\"@id\":\"https:\/\/loricestetic.com.br\/#\/schema\/logo\/image\/\"}},{\"@type\":\"Person\",\"@id\":\"https:\/\/loricestetic.com.br\/#\/schema\/person\/503b182d6970ba986b36792b59c37ddb\",\"name\":\"administrador\",\"image\":{\"@type\":\"ImageObject\",\"inLanguage\":\"pt-BR\",\"@id\":\"https:\/\/loricestetic.com.br\/#\/schema\/person\/image\/\",\"url\":\"https:\/\/secure.gravatar.com\/avatar\/b4d94d6d7255d61c0560ba366e0cc0b6217ba0bd6aed93369d4b20c7ad4c0141?s=96&d=mm&r=g\",\"contentUrl\":\"https:\/\/secure.gravatar.com\/avatar\/b4d94d6d7255d61c0560ba366e0cc0b6217ba0bd6aed93369d4b20c7ad4c0141?s=96&d=mm&r=g\",\"caption\":\"administrador\"},\"url\":\"https:\/\/loricestetic.com.br\/index.php\/author\/admin\/\"}]}<\/script>\n<!-- \/ Yoast SEO plugin. -->","yoast_head_json":{"title":"ACONTECEU! I Curso Internacional de Terapias Manuais em Est\u00e9tica e SPA - Lorice - Fisioterapia e Est\u00e9tica","robots":{"index":"index","follow":"follow","max-snippet":"max-snippet:-1","max-image-preview":"max-image-preview:large","max-video-preview":"max-video-preview:-1"},"canonical":"https:\/\/loricestetic.com.br\/index.php\/2017\/01\/30\/aconteceu-i-curso-internacional-de-terapias-manuais-em-estetica-e-spa\/","og_locale":"pt_BR","og_type":"article","og_title":"ACONTECEU! I Curso Internacional de Terapias Manuais em Est\u00e9tica e SPA - Lorice - Fisioterapia e Est\u00e9tica","og_description":"Gil Amsallem MK.DE &#8211; TM Th\u00e9rapeute &#8211; Formateur &#8211; Consultant Sant\u00e9 &amp; bien-\u00eatre Kin\u00e9sith\u00e9rapie Esth\u00e9tique &amp; Th\u00e9rapie Manuelle Rendez &#8211; vous en ligne sur Doctolib [&hellip;]","og_url":"https:\/\/loricestetic.com.br\/index.php\/2017\/01\/30\/aconteceu-i-curso-internacional-de-terapias-manuais-em-estetica-e-spa\/","og_site_name":"Lorice - Fisioterapia e Est\u00e9tica","article_published_time":"2017-01-30T11:53:11+00:00","og_image":[{"url":"http:\/\/loricestetic.com.br\/wp-content\/uploads\/2016\/04\/curso-internacional-foto.jpg","type":"","width":"","height":""}],"author":"administrador","twitter_card":"summary_large_image","twitter_misc":{"Escrito por":"administrador"},"schema":{"@context":"https:\/\/schema.org","@graph":[{"@type":"Article","@id":"https:\/\/loricestetic.com.br\/index.php\/2017\/01\/30\/aconteceu-i-curso-internacional-de-terapias-manuais-em-estetica-e-spa\/#article","isPartOf":{"@id":"https:\/\/loricestetic.com.br\/index.php\/2017\/01\/30\/aconteceu-i-curso-internacional-de-terapias-manuais-em-estetica-e-spa\/"},"author":{"name":"administrador","@id":"https:\/\/loricestetic.com.br\/#\/schema\/person\/503b182d6970ba986b36792b59c37ddb"},"headline":"ACONTECEU! I Curso Internacional de Terapias Manuais em Est\u00e9tica e SPA","datePublished":"2017-01-30T11:53:11+00:00","mainEntityOfPage":{"@id":"https:\/\/loricestetic.com.br\/index.php\/2017\/01\/30\/aconteceu-i-curso-internacional-de-terapias-manuais-em-estetica-e-spa\/"},"wordCount":62,"commentCount":0,"publisher":{"@id":"https:\/\/loricestetic.com.br\/#organization"},"image":{"@id":"https:\/\/loricestetic.com.br\/index.php\/2017\/01\/30\/aconteceu-i-curso-internacional-de-terapias-manuais-em-estetica-e-spa\/#primaryimage"},"thumbnailUrl":"http:\/\/loricestetic.com.br\/wp-content\/uploads\/2016\/04\/curso-internacional-foto.jpg","articleSection":["MAT\u00c9RIAS"],"inLanguage":"pt-BR","potentialAction":[{"@type":"CommentAction","name":"Comment","target":["https:\/\/loricestetic.com.br\/index.php\/2017\/01\/30\/aconteceu-i-curso-internacional-de-terapias-manuais-em-estetica-e-spa\/#respond"]}]},{"@type":"WebPage","@id":"https:\/\/loricestetic.com.br\/index.php\/2017\/01\/30\/aconteceu-i-curso-internacional-de-terapias-manuais-em-estetica-e-spa\/","url":"https:\/\/loricestetic.com.br\/index.php\/2017\/01\/30\/aconteceu-i-curso-internacional-de-terapias-manuais-em-estetica-e-spa\/","name":"ACONTECEU! I Curso Internacional de Terapias Manuais em Est\u00e9tica e SPA - Lorice - Fisioterapia e Est\u00e9tica","isPartOf":{"@id":"https:\/\/loricestetic.com.br\/#website"},"primaryImageOfPage":{"@id":"https:\/\/loricestetic.com.br\/index.php\/2017\/01\/30\/aconteceu-i-curso-internacional-de-terapias-manuais-em-estetica-e-spa\/#primaryimage"},"image":{"@id":"https:\/\/loricestetic.com.br\/index.php\/2017\/01\/30\/aconteceu-i-curso-internacional-de-terapias-manuais-em-estetica-e-spa\/#primaryimage"},"thumbnailUrl":"http:\/\/loricestetic.com.br\/wp-content\/uploads\/2016\/04\/curso-internacional-foto.jpg","datePublished":"2017-01-30T11:53:11+00:00","breadcrumb":{"@id":"https:\/\/loricestetic.com.br\/index.php\/2017\/01\/30\/aconteceu-i-curso-internacional-de-terapias-manuais-em-estetica-e-spa\/#breadcrumb"},"inLanguage":"pt-BR","potentialAction":[{"@type":"ReadAction","target":["https:\/\/loricestetic.com.br\/index.php\/2017\/01\/30\/aconteceu-i-curso-internacional-de-terapias-manuais-em-estetica-e-spa\/"]}]},{"@type":"ImageObject","inLanguage":"pt-BR","@id":"https:\/\/loricestetic.com.br\/index.php\/2017\/01\/30\/aconteceu-i-curso-internacional-de-terapias-manuais-em-estetica-e-spa\/#primaryimage","url":"http:\/\/loricestetic.com.br\/wp-content\/uploads\/2016\/04\/curso-internacional-foto.jpg","contentUrl":"http:\/\/loricestetic.com.br\/wp-content\/uploads\/2016\/04\/curso-internacional-foto.jpg"},{"@type":"BreadcrumbList","@id":"https:\/\/loricestetic.com.br\/index.php\/2017\/01\/30\/aconteceu-i-curso-internacional-de-terapias-manuais-em-estetica-e-spa\/#breadcrumb","itemListElement":[{"@type":"ListItem","position":1,"name":"In\u00edcio","item":"https:\/\/loricestetic.com.br\/"},{"@type":"ListItem","position":2,"name":"ACONTECEU! I Curso Internacional de Terapias Manuais em Est\u00e9tica e SPA"}]},{"@type":"WebSite","@id":"https:\/\/loricestetic.com.br\/#website","url":"https:\/\/loricestetic.com.br\/","name":"Lorice - Fisioterapia e Est\u00e9tica","description":"","publisher":{"@id":"https:\/\/loricestetic.com.br\/#organization"},"potentialAction":[{"@type":"SearchAction","target":{"@type":"EntryPoint","urlTemplate":"https:\/\/loricestetic.com.br\/?s={search_term_string}"},"query-input":{"@type":"PropertyValueSpecification","valueRequired":true,"valueName":"search_term_string"}}],"inLanguage":"pt-BR"},{"@type":"Organization","@id":"https:\/\/loricestetic.com.br\/#organization","name":"Lorice - Fisioterapia e Est\u00e9tica","url":"https:\/\/loricestetic.com.br\/","logo":{"@type":"ImageObject","inLanguage":"pt-BR","@id":"https:\/\/loricestetic.com.br\/#\/schema\/logo\/image\/","url":"https:\/\/loricestetic.com.br\/wp-content\/uploads\/2015\/09\/cropped-logo.png","contentUrl":"https:\/\/loricestetic.com.br\/wp-content\/uploads\/2015\/09\/cropped-logo.png","width":160,"height":83,"caption":"Lorice - Fisioterapia e Est\u00e9tica"},"image":{"@id":"https:\/\/loricestetic.com.br\/#\/schema\/logo\/image\/"}},{"@type":"Person","@id":"https:\/\/loricestetic.com.br\/#\/schema\/person\/503b182d6970ba986b36792b59c37ddb","name":"administrador","image":{"@type":"ImageObject","inLanguage":"pt-BR","@id":"https:\/\/loricestetic.com.br\/#\/schema\/person\/image\/","url":"https:\/\/secure.gravatar.com\/avatar\/b4d94d6d7255d61c0560ba366e0cc0b6217ba0bd6aed93369d4b20c7ad4c0141?s=96&d=mm&r=g","contentUrl":"https:\/\/secure.gravatar.com\/avatar\/b4d94d6d7255d61c0560ba366e0cc0b6217ba0bd6aed93369d4b20c7ad4c0141?s=96&d=mm&r=g","caption":"administrador"},"url":"https:\/\/loricestetic.com.br\/index.php\/author\/admin\/"}]}},"_links":{"self":[{"href":"https:\/\/loricestetic.com.br\/index.php\/wp-json\/wp\/v2\/posts\/2298","targetHints":{"allow":["GET"]}}],"collection":[{"href":"https:\/\/loricestetic.com.br\/index.php\/wp-json\/wp\/v2\/posts"}],"about":[{"href":"https:\/\/loricestetic.com.br\/index.php\/wp-json\/wp\/v2\/types\/post"}],"author":[{"embeddable":true,"href":"https:\/\/loricestetic.com.br\/index.php\/wp-json\/wp\/v2\/users\/1"}],"replies":[{"embeddable":true,"href":"https:\/\/loricestetic.com.br\/index.php\/wp-json\/wp\/v2\/comments?post=2298"}],"version-history":[{"count":1,"href":"https:\/\/loricestetic.com.br\/index.php\/wp-json\/wp\/v2\/posts\/2298\/revisions"}],"predecessor-version":[{"id":2299,"href":"https:\/\/loricestetic.com.br\/index.php\/wp-json\/wp\/v2\/posts\/2298\/revisions\/2299"}],"wp:attachment":[{"href":"https:\/\/loricestetic.com.br\/index.php\/wp-json\/wp\/v2\/media?parent=2298"}],"wp:term":[{"taxonomy":"category","embeddable":true,"href":"https:\/\/loricestetic.com.br\/index.php\/wp-json\/wp\/v2\/categories?post=2298"},{"taxonomy":"post_tag","embeddable":true,"href":"https:\/\/loricestetic.com.br\/index.php\/wp-json\/wp\/v2\/tags?post=2298"}],"curies":[{"name":"wp","href":"https:\/\/api.w.org\/{rel}","templated":true}]}}