{"id":2040,"date":"2016-04-27T18:47:25","date_gmt":"2016-04-27T18:47:25","guid":{"rendered":"http:\/\/loricestetic.com.br\/?p=2040"},"modified":"2016-04-27T18:47:25","modified_gmt":"2016-04-27T18:47:25","slug":"terapia-por-ondas-acusticas-para-tratamentos-corporais","status":"publish","type":"post","link":"https:\/\/loricestetic.com.br\/index.php\/2016\/04\/27\/terapia-por-ondas-acusticas-para-tratamentos-corporais\/","title":{"rendered":"Terapia por Ondas Ac\u00fasticas para tratamentos corporais"},"content":{"rendered":"<p>As ondas ac\u00fasticas s\u00e3o ondas de energia que se propagam em alta velocidade. Essas ondas precisam de um meio para se propagarem, que pode ser s\u00f3lido, l\u00edquido ou gasoso.<br \/>\nOs pulsos do D \u2013 actor 200 -, maquinas o qual venho utilizando para essa terapia , tem Pulsos gerados pneumaticamente e tem Propaga\u00e7\u00e3o radial a energia se concentra na epiderme, derme e in\u00edcio do subcut\u00e2neo.<\/p>\n<p><strong>Indica\u00e7\u00f5es do tratamento:<\/strong><\/p>\n<p>Suas principais indica\u00e7\u00f5es em tratamentos est\u00e9ticos podem ser bem definidos e j\u00e1 descritos em v\u00e1rios artigos: celulite, flacidez, t\u00f4nus muscular, drenagem linf\u00e1tica, cicatrizes hipertr\u00f3ficas, fibroses, elimina\u00e7\u00e3o da congest\u00e3o linf\u00e1tica e Atenua\u00e7\u00e3o das linhas de express\u00e3o e sulco facial.<br \/>\nPodemos citar alguns efeitos biol\u00f3gicos gerados pela terapia de ondas ac\u00fasticas, como:<br \/>\nEstimula\u00e7\u00e3o da Micro Circula\u00e7\u00e3o<br \/>\nAumento da Permeabilidade da Membrana Celular \u2013 estimula troca de subst\u00e2ncias entre as c\u00e9lulas<br \/>\nLibera\u00e7\u00e3o de \u00d3xido N\u00edtrico (vasodilata\u00e7\u00e3o, ativa\u00e7\u00e3o do metabolismo celular, efeito anti-inflamat\u00f3rio)<br \/>\nEstimula\u00e7\u00e3o de Fatores de Crescimento:<br \/>\nVEGF \u2013 Angiogenese<br \/>\nBMP, TGF-\u03b21 \u2013 Col\u00e1geno<br \/>\nTGF-\u03b23 \u2013 Regenera\u00e7\u00e3o Tecidual<br \/>\nEstimula\u00e7\u00e3o de C\u00e9lulas Tronco (prolifera\u00e7\u00e3o, migra\u00e7\u00e3o e diferencia\u00e7\u00e3o)<br \/>\nMelhor funcionamento das c\u00e9lulas<\/p>\n<p><strong>Contraindica\u00e7\u00f5es:<\/strong><br \/>\nDist\u00farbios de coagula\u00e7\u00e3o sangu\u00ednea e uso de anticoagulantes;<br \/>\nDoen\u00e7as tumorais, c\u00e2ncer<br \/>\nGravidez<br \/>\nTratamento com cortisona local at\u00e9 6 semanas antes da primeira aplica\u00e7\u00e3o<br \/>\nTrombose<br \/>\nCrian\u00e7as em fase de crescimento<br \/>\nPoss\u00edveis efeitos colaterais, o que podemos esperar logo apos uma sess\u00e3o de ondas ac\u00fasticas? Esse \u00e9 um importante relato que devemos ter ao submeter nossos pacientes ao m\u00e9todo de tratamento:<br \/>\nLigeiro incha\u00e7o<br \/>\nEritema no momento da aplica\u00e7\u00e3o;<br \/>\nLeve hematomas (raramente)<br \/>\nLigeira dor muscular<br \/>\nAumento da sensibilidade antes e durante o per\u00edodo menstrual<br \/>\nRestri\u00e7\u00f5es para aplica\u00e7\u00e3o de Ondas Acusticas (listadas em literatura)<br \/>\nGrandes nervos<br \/>\nGrandes Vasos<br \/>\nColuna<br \/>\nPulm\u00e3o<br \/>\nCora\u00e7\u00e3o (exceto equipamento espec\u00edfico para a \u00e1rea)<br \/>\n<strong>Intervalo de Tratamento<\/strong><br \/>\n1 \u2013 2 sess\u00f5es por semana<br \/>\nPelo menos 48 horas de intervalo<\/p>\n<p><strong>Recomenda\u00e7\u00f5es e cuidados b\u00e1sicos durante a avalia\u00e7\u00e3o e inicio do tratamento:<\/strong><br \/>\nUtilizar ficha de avalia\u00e7\u00e3o. Importante tirar foto ao in\u00edcio e final da sess\u00e3o. Para facilitar a aplica\u00e7\u00e3o, sugerimos fazer marca\u00e7\u00e3o com l\u00e1pis branco para que n\u00e3o se perca a \u00e1rea a ser tratada.<\/p>\n<p>Texto cedido: Medline Prod. Med Hospitalar e Lorice Issa Miguel \u2013 fisioterapueta \u2013 Rua Jeronimo da Veiga , 428 \u2013 cj 31 \u2013 itaim \u2013 SP . Siga nos: loricemiguel (Instagram),\u00a0Lorice Miguel (Facebook): (11) \u2013 3079.0925\/31682592 \u00a0<a href=\"http:\/\/www.loricestetic.com.br\">www.loricestetic.com.br <\/a><br \/>\nTire suas d\u00favidas por loricemiguel@hotmail.com ou lorice.miguel@gmail.com<\/p>\n<p>Fonte foto:\u00a0<a href=\"http:\/\/bit.ly\/1YYZ5NQ\">http:\/\/bit.ly\/1YYZ5NQ<\/a><\/p>\n","protected":false},"excerpt":{"rendered":"<p>As ondas ac\u00fasticas s\u00e3o ondas de energia que se propagam em alta velocidade. Essas ondas precisam de um meio para se propagarem, que pode ser [&hellip;]<\/p>\n","protected":false},"author":1,"featured_media":0,"comment_status":"open","ping_status":"open","sticky":false,"template":"","format":"standard","meta":{"footnotes":""},"categories":[28],"tags":[],"class_list":["post-2040","post","type-post","status-publish","format-standard","hentry","category-materias"],"yoast_head":"<!-- This site is optimized with the Yoast SEO plugin v26.2 - https:\/\/yoast.com\/wordpress\/plugins\/seo\/ -->\n<title>Terapia por Ondas Ac\u00fasticas para tratamentos corporais - Lorice - Fisioterapia e Est\u00e9tica<\/title>\n<meta name=\"robots\" content=\"index, follow, max-snippet:-1, max-image-preview:large, max-video-preview:-1\" \/>\n<link rel=\"canonical\" href=\"https:\/\/loricestetic.com.br\/index.php\/2016\/04\/27\/terapia-por-ondas-acusticas-para-tratamentos-corporais\/\" \/>\n<meta property=\"og:locale\" content=\"pt_BR\" \/>\n<meta property=\"og:type\" content=\"article\" \/>\n<meta property=\"og:title\" content=\"Terapia por Ondas Ac\u00fasticas para tratamentos corporais - Lorice - Fisioterapia e Est\u00e9tica\" \/>\n<meta property=\"og:description\" content=\"As ondas ac\u00fasticas s\u00e3o ondas de energia que se propagam em alta velocidade. Essas ondas precisam de um meio para se propagarem, que pode ser [&hellip;]\" \/>\n<meta property=\"og:url\" content=\"https:\/\/loricestetic.com.br\/index.php\/2016\/04\/27\/terapia-por-ondas-acusticas-para-tratamentos-corporais\/\" \/>\n<meta property=\"og:site_name\" content=\"Lorice - Fisioterapia e Est\u00e9tica\" \/>\n<meta property=\"article:published_time\" content=\"2016-04-27T18:47:25+00:00\" \/>\n<meta name=\"author\" content=\"administrador\" \/>\n<meta name=\"twitter:card\" content=\"summary_large_image\" \/>\n<meta name=\"twitter:label1\" content=\"Escrito por\" \/>\n\t<meta name=\"twitter:data1\" content=\"administrador\" \/>\n\t<meta name=\"twitter:label2\" content=\"Est. tempo de leitura\" \/>\n\t<meta name=\"twitter:data2\" content=\"2 minutos\" \/>\n<script type=\"application\/ld+json\" class=\"yoast-schema-graph\">{\"@context\":\"https:\/\/schema.org\",\"@graph\":[{\"@type\":\"Article\",\"@id\":\"https:\/\/loricestetic.com.br\/index.php\/2016\/04\/27\/terapia-por-ondas-acusticas-para-tratamentos-corporais\/#article\",\"isPartOf\":{\"@id\":\"https:\/\/loricestetic.com.br\/index.php\/2016\/04\/27\/terapia-por-ondas-acusticas-para-tratamentos-corporais\/\"},\"author\":{\"name\":\"administrador\",\"@id\":\"https:\/\/loricestetic.com.br\/#\/schema\/person\/503b182d6970ba986b36792b59c37ddb\"},\"headline\":\"Terapia por Ondas Ac\u00fasticas para tratamentos corporais\",\"datePublished\":\"2016-04-27T18:47:25+00:00\",\"mainEntityOfPage\":{\"@id\":\"https:\/\/loricestetic.com.br\/index.php\/2016\/04\/27\/terapia-por-ondas-acusticas-para-tratamentos-corporais\/\"},\"wordCount\":452,\"commentCount\":0,\"publisher\":{\"@id\":\"https:\/\/loricestetic.com.br\/#organization\"},\"articleSection\":[\"MAT\u00c9RIAS\"],\"inLanguage\":\"pt-BR\",\"potentialAction\":[{\"@type\":\"CommentAction\",\"name\":\"Comment\",\"target\":[\"https:\/\/loricestetic.com.br\/index.php\/2016\/04\/27\/terapia-por-ondas-acusticas-para-tratamentos-corporais\/#respond\"]}]},{\"@type\":\"WebPage\",\"@id\":\"https:\/\/loricestetic.com.br\/index.php\/2016\/04\/27\/terapia-por-ondas-acusticas-para-tratamentos-corporais\/\",\"url\":\"https:\/\/loricestetic.com.br\/index.php\/2016\/04\/27\/terapia-por-ondas-acusticas-para-tratamentos-corporais\/\",\"name\":\"Terapia por Ondas Ac\u00fasticas para tratamentos corporais - Lorice - Fisioterapia e Est\u00e9tica\",\"isPartOf\":{\"@id\":\"https:\/\/loricestetic.com.br\/#website\"},\"datePublished\":\"2016-04-27T18:47:25+00:00\",\"breadcrumb\":{\"@id\":\"https:\/\/loricestetic.com.br\/index.php\/2016\/04\/27\/terapia-por-ondas-acusticas-para-tratamentos-corporais\/#breadcrumb\"},\"inLanguage\":\"pt-BR\",\"potentialAction\":[{\"@type\":\"ReadAction\",\"target\":[\"https:\/\/loricestetic.com.br\/index.php\/2016\/04\/27\/terapia-por-ondas-acusticas-para-tratamentos-corporais\/\"]}]},{\"@type\":\"BreadcrumbList\",\"@id\":\"https:\/\/loricestetic.com.br\/index.php\/2016\/04\/27\/terapia-por-ondas-acusticas-para-tratamentos-corporais\/#breadcrumb\",\"itemListElement\":[{\"@type\":\"ListItem\",\"position\":1,\"name\":\"In\u00edcio\",\"item\":\"https:\/\/loricestetic.com.br\/\"},{\"@type\":\"ListItem\",\"position\":2,\"name\":\"Terapia por Ondas Ac\u00fasticas para tratamentos corporais\"}]},{\"@type\":\"WebSite\",\"@id\":\"https:\/\/loricestetic.com.br\/#website\",\"url\":\"https:\/\/loricestetic.com.br\/\",\"name\":\"Lorice - Fisioterapia e Est\u00e9tica\",\"description\":\"\",\"publisher\":{\"@id\":\"https:\/\/loricestetic.com.br\/#organization\"},\"potentialAction\":[{\"@type\":\"SearchAction\",\"target\":{\"@type\":\"EntryPoint\",\"urlTemplate\":\"https:\/\/loricestetic.com.br\/?s={search_term_string}\"},\"query-input\":{\"@type\":\"PropertyValueSpecification\",\"valueRequired\":true,\"valueName\":\"search_term_string\"}}],\"inLanguage\":\"pt-BR\"},{\"@type\":\"Organization\",\"@id\":\"https:\/\/loricestetic.com.br\/#organization\",\"name\":\"Lorice - Fisioterapia e Est\u00e9tica\",\"url\":\"https:\/\/loricestetic.com.br\/\",\"logo\":{\"@type\":\"ImageObject\",\"inLanguage\":\"pt-BR\",\"@id\":\"https:\/\/loricestetic.com.br\/#\/schema\/logo\/image\/\",\"url\":\"https:\/\/loricestetic.com.br\/wp-content\/uploads\/2015\/09\/cropped-logo.png\",\"contentUrl\":\"https:\/\/loricestetic.com.br\/wp-content\/uploads\/2015\/09\/cropped-logo.png\",\"width\":160,\"height\":83,\"caption\":\"Lorice - Fisioterapia e Est\u00e9tica\"},\"image\":{\"@id\":\"https:\/\/loricestetic.com.br\/#\/schema\/logo\/image\/\"}},{\"@type\":\"Person\",\"@id\":\"https:\/\/loricestetic.com.br\/#\/schema\/person\/503b182d6970ba986b36792b59c37ddb\",\"name\":\"administrador\",\"image\":{\"@type\":\"ImageObject\",\"inLanguage\":\"pt-BR\",\"@id\":\"https:\/\/loricestetic.com.br\/#\/schema\/person\/image\/\",\"url\":\"https:\/\/secure.gravatar.com\/avatar\/b4d94d6d7255d61c0560ba366e0cc0b6217ba0bd6aed93369d4b20c7ad4c0141?s=96&d=mm&r=g\",\"contentUrl\":\"https:\/\/secure.gravatar.com\/avatar\/b4d94d6d7255d61c0560ba366e0cc0b6217ba0bd6aed93369d4b20c7ad4c0141?s=96&d=mm&r=g\",\"caption\":\"administrador\"},\"url\":\"https:\/\/loricestetic.com.br\/index.php\/author\/admin\/\"}]}<\/script>\n<!-- \/ Yoast SEO plugin. -->","yoast_head_json":{"title":"Terapia por Ondas Ac\u00fasticas para tratamentos corporais - Lorice - Fisioterapia e Est\u00e9tica","robots":{"index":"index","follow":"follow","max-snippet":"max-snippet:-1","max-image-preview":"max-image-preview:large","max-video-preview":"max-video-preview:-1"},"canonical":"https:\/\/loricestetic.com.br\/index.php\/2016\/04\/27\/terapia-por-ondas-acusticas-para-tratamentos-corporais\/","og_locale":"pt_BR","og_type":"article","og_title":"Terapia por Ondas Ac\u00fasticas para tratamentos corporais - Lorice - Fisioterapia e Est\u00e9tica","og_description":"As ondas ac\u00fasticas s\u00e3o ondas de energia que se propagam em alta velocidade. Essas ondas precisam de um meio para se propagarem, que pode ser [&hellip;]","og_url":"https:\/\/loricestetic.com.br\/index.php\/2016\/04\/27\/terapia-por-ondas-acusticas-para-tratamentos-corporais\/","og_site_name":"Lorice - Fisioterapia e Est\u00e9tica","article_published_time":"2016-04-27T18:47:25+00:00","author":"administrador","twitter_card":"summary_large_image","twitter_misc":{"Escrito por":"administrador","Est. tempo de leitura":"2 minutos"},"schema":{"@context":"https:\/\/schema.org","@graph":[{"@type":"Article","@id":"https:\/\/loricestetic.com.br\/index.php\/2016\/04\/27\/terapia-por-ondas-acusticas-para-tratamentos-corporais\/#article","isPartOf":{"@id":"https:\/\/loricestetic.com.br\/index.php\/2016\/04\/27\/terapia-por-ondas-acusticas-para-tratamentos-corporais\/"},"author":{"name":"administrador","@id":"https:\/\/loricestetic.com.br\/#\/schema\/person\/503b182d6970ba986b36792b59c37ddb"},"headline":"Terapia por Ondas Ac\u00fasticas para tratamentos corporais","datePublished":"2016-04-27T18:47:25+00:00","mainEntityOfPage":{"@id":"https:\/\/loricestetic.com.br\/index.php\/2016\/04\/27\/terapia-por-ondas-acusticas-para-tratamentos-corporais\/"},"wordCount":452,"commentCount":0,"publisher":{"@id":"https:\/\/loricestetic.com.br\/#organization"},"articleSection":["MAT\u00c9RIAS"],"inLanguage":"pt-BR","potentialAction":[{"@type":"CommentAction","name":"Comment","target":["https:\/\/loricestetic.com.br\/index.php\/2016\/04\/27\/terapia-por-ondas-acusticas-para-tratamentos-corporais\/#respond"]}]},{"@type":"WebPage","@id":"https:\/\/loricestetic.com.br\/index.php\/2016\/04\/27\/terapia-por-ondas-acusticas-para-tratamentos-corporais\/","url":"https:\/\/loricestetic.com.br\/index.php\/2016\/04\/27\/terapia-por-ondas-acusticas-para-tratamentos-corporais\/","name":"Terapia por Ondas Ac\u00fasticas para tratamentos corporais - Lorice - Fisioterapia e Est\u00e9tica","isPartOf":{"@id":"https:\/\/loricestetic.com.br\/#website"},"datePublished":"2016-04-27T18:47:25+00:00","breadcrumb":{"@id":"https:\/\/loricestetic.com.br\/index.php\/2016\/04\/27\/terapia-por-ondas-acusticas-para-tratamentos-corporais\/#breadcrumb"},"inLanguage":"pt-BR","potentialAction":[{"@type":"ReadAction","target":["https:\/\/loricestetic.com.br\/index.php\/2016\/04\/27\/terapia-por-ondas-acusticas-para-tratamentos-corporais\/"]}]},{"@type":"BreadcrumbList","@id":"https:\/\/loricestetic.com.br\/index.php\/2016\/04\/27\/terapia-por-ondas-acusticas-para-tratamentos-corporais\/#breadcrumb","itemListElement":[{"@type":"ListItem","position":1,"name":"In\u00edcio","item":"https:\/\/loricestetic.com.br\/"},{"@type":"ListItem","position":2,"name":"Terapia por Ondas Ac\u00fasticas para tratamentos corporais"}]},{"@type":"WebSite","@id":"https:\/\/loricestetic.com.br\/#website","url":"https:\/\/loricestetic.com.br\/","name":"Lorice - Fisioterapia e Est\u00e9tica","description":"","publisher":{"@id":"https:\/\/loricestetic.com.br\/#organization"},"potentialAction":[{"@type":"SearchAction","target":{"@type":"EntryPoint","urlTemplate":"https:\/\/loricestetic.com.br\/?s={search_term_string}"},"query-input":{"@type":"PropertyValueSpecification","valueRequired":true,"valueName":"search_term_string"}}],"inLanguage":"pt-BR"},{"@type":"Organization","@id":"https:\/\/loricestetic.com.br\/#organization","name":"Lorice - Fisioterapia e Est\u00e9tica","url":"https:\/\/loricestetic.com.br\/","logo":{"@type":"ImageObject","inLanguage":"pt-BR","@id":"https:\/\/loricestetic.com.br\/#\/schema\/logo\/image\/","url":"https:\/\/loricestetic.com.br\/wp-content\/uploads\/2015\/09\/cropped-logo.png","contentUrl":"https:\/\/loricestetic.com.br\/wp-content\/uploads\/2015\/09\/cropped-logo.png","width":160,"height":83,"caption":"Lorice - Fisioterapia e Est\u00e9tica"},"image":{"@id":"https:\/\/loricestetic.com.br\/#\/schema\/logo\/image\/"}},{"@type":"Person","@id":"https:\/\/loricestetic.com.br\/#\/schema\/person\/503b182d6970ba986b36792b59c37ddb","name":"administrador","image":{"@type":"ImageObject","inLanguage":"pt-BR","@id":"https:\/\/loricestetic.com.br\/#\/schema\/person\/image\/","url":"https:\/\/secure.gravatar.com\/avatar\/b4d94d6d7255d61c0560ba366e0cc0b6217ba0bd6aed93369d4b20c7ad4c0141?s=96&d=mm&r=g","contentUrl":"https:\/\/secure.gravatar.com\/avatar\/b4d94d6d7255d61c0560ba366e0cc0b6217ba0bd6aed93369d4b20c7ad4c0141?s=96&d=mm&r=g","caption":"administrador"},"url":"https:\/\/loricestetic.com.br\/index.php\/author\/admin\/"}]}},"_links":{"self":[{"href":"https:\/\/loricestetic.com.br\/index.php\/wp-json\/wp\/v2\/posts\/2040","targetHints":{"allow":["GET"]}}],"collection":[{"href":"https:\/\/loricestetic.com.br\/index.php\/wp-json\/wp\/v2\/posts"}],"about":[{"href":"https:\/\/loricestetic.com.br\/index.php\/wp-json\/wp\/v2\/types\/post"}],"author":[{"embeddable":true,"href":"https:\/\/loricestetic.com.br\/index.php\/wp-json\/wp\/v2\/users\/1"}],"replies":[{"embeddable":true,"href":"https:\/\/loricestetic.com.br\/index.php\/wp-json\/wp\/v2\/comments?post=2040"}],"version-history":[{"count":1,"href":"https:\/\/loricestetic.com.br\/index.php\/wp-json\/wp\/v2\/posts\/2040\/revisions"}],"predecessor-version":[{"id":2041,"href":"https:\/\/loricestetic.com.br\/index.php\/wp-json\/wp\/v2\/posts\/2040\/revisions\/2041"}],"wp:attachment":[{"href":"https:\/\/loricestetic.com.br\/index.php\/wp-json\/wp\/v2\/media?parent=2040"}],"wp:term":[{"taxonomy":"category","embeddable":true,"href":"https:\/\/loricestetic.com.br\/index.php\/wp-json\/wp\/v2\/categories?post=2040"},{"taxonomy":"post_tag","embeddable":true,"href":"https:\/\/loricestetic.com.br\/index.php\/wp-json\/wp\/v2\/tags?post=2040"}],"curies":[{"name":"wp","href":"https:\/\/api.w.org\/{rel}","templated":true}]}}